{"id":124914,"date":"2025-10-06T08:50:28","date_gmt":"2025-10-06T08:50:28","guid":{"rendered":"https:\/\/rdnews.al\/?p=124914"},"modified":"2025-10-06T08:50:28","modified_gmt":"2025-10-06T08:50:28","slug":"berisha-publikon-dokumentin-tjeter-irena-me-5-mbiemra-firmosi-prokure-per-te-hequr-ekspulsin-nga-greqia","status":"publish","type":"post","link":"https:\/\/rdnews.al\/index.php\/2025\/10\/06\/berisha-publikon-dokumentin-tjeter-irena-me-5-mbiemra-firmosi-prokure-per-te-hequr-ekspulsin-nga-greqia\/","title":{"rendered":"Berisha publikon dokumentin tjet\u00ebr: Irena me 5 mbiemra firmosi prokur\u00eb p\u00ebr t\u00eb hequr ekspulsin nga Greqia"},"content":{"rendered":"<p>Kryetari i PD, Sali Berisha n\u00eb nj\u00eb deklarat\u00eb p\u00ebr mediat pas daljes nga SPAK, publikoi nj\u00eb tjet\u00ebr dokument q\u00eb v\u00ebrteton se Irena Gjoka, me pes\u00eb mbiemra t\u00eb ndrysh\u00ebm, ka firmosur nj\u00eb prokur\u00eb p\u00ebr t\u00eb hequr ekspulsionin e saj nga Greqia.<\/p>\n<p>Berisha tha se, ky dokument tregon se, Gjoka i ka dh\u00ebn\u00eb avokatit t\u00eb saj, Altin \u201cTroplini\u201d autorizimin p\u00ebr t\u00eb vepruar mbi k\u00ebt\u00eb \u00e7\u00ebshtje, duke mbrojtur k\u00ebshtu nj\u00eb individ q\u00eb,\u00a0\u00ebsht\u00eb nj\u00eb<em>\u00a0\u201cpeng politik\u201d<\/em>\u00a0dhe pjes\u00eb e nj\u00eb rrjeti q\u00eb sh\u00ebrben interesave t\u00eb pushtetit aktual.<\/p>\n<p>Ai tha se, skandal nxjerr n\u00eb pah mang\u00ebsit\u00eb e drejtimit t\u00eb SPAK, ku pavar\u00ebsisht ekzistenc\u00ebs s\u00eb njer\u00ebzve me integritet brenda institucionit, drejtimi i tij pa ligj e moral b\u00ebn t\u00eb mundur fshehjen e dokumenteve dhe mbrojtjen e personave t\u00eb komprometuar.<\/p>\n<p>\u201cTani kemi nj\u00eb tjet\u00ebr dokument.<\/p>\n<p>Ka nj\u00eb prokur\u00eb t\u00eb posa\u00e7me, ku i jep Andon Konomit, Irena Maneku, firma vet\u00eb, Stefan Gjoka, nuk ishin martuar akoma k\u00ebtu se i kan\u00eb mbiemrat e ndryshme.<\/p>\n<p>Kjo t\u00eb ngat\u00ebrron me pes\u00eb mbiemra.<\/p>\n<p>Pra, i jep prokuror\u00ebn ku i thot\u00eb autorizoj avokatin t\u00eb merret me c\u00ebshtjen e heqjes s\u00eb certifikat\u00ebs ekspulso, praktik\u00eb e zakonshme kjo p\u00ebr \u00e7do qytetar q\u00eb i n\u00ebnshtrohet ekspulsionit.<\/p>\n<p>K\u00ebto akte t\u00eb Iren\u00ebs me 5 mbiemra, edhe nj\u00ebher\u00eb them, llumi thuhet po t\u2019i quash k\u00ebta, po t\u2019i cil\u00ebsosh t\u00eb tilla&#8230; pra, kjo me 5 mbiemra ka fshehur ekspulsionin n\u00eb dokumentin e dekriminalizimit.<\/p>\n<p>Ka fshehur ekspulsionin n\u00eb dokumentin e vetingut dhe mbrohet nga Altin Troplini, nj\u00eb mercenar, nj\u00eb peng i Edi Ram\u00ebs, dhe jo vet\u00ebm Edi Ram\u00ebs, t\u00eb themi.<\/p>\n<p>Ju e shihni se cila \u00ebsht\u00eb fytyra e v\u00ebrtet\u00eb e kreut t\u00eb Spakut, ku natyrisht pa diskutim ka njer\u00ebz q\u00eb duan t\u00eb zbatojn\u00eb ligjin, ka njer\u00ebz q\u00eb duan t\u00eb q\u00ebndrojn\u00eb me integritet, por duke pasur nj\u00eb drejtues t\u00eb till\u00eb q\u00eb nuk ka as ligj as moral, vet\u00ebkuptohet se si funksionon institucioni\u201d, tha Berisha.<\/p>\n<p><img decoding=\"async\" src=\"https:\/\/www.syri.net\/uploads\/syri.net\/images\/2025\/October\/06\/auto_a1759739966.jpeg\" alt=\"Image\" \/><\/p>\n<div class=\"image-description\"><em>Formulari i d\u00ebbimit t\u00eb Irena Gjok\u00ebs nga Greqia me 24.12.2002.<\/em><\/div>\n<div class=\"image-description\"><img decoding=\"async\" src=\"https:\/\/www.syri.net\/uploads\/syri.net\/images\/2025\/October\/06\/auto_b1759740010.jpeg\" alt=\"Image\" \/><\/p>\n<div class=\"image-description\"><em>P\u00ebrkthimi n\u00eb shqip i formularit<\/em><\/div>\n<div class=\"image-description\"><img decoding=\"async\" src=\"https:\/\/www.syri.net\/uploads\/syri.net\/images\/2025\/October\/06\/auto_c1759740032.jpeg\" alt=\"Image\" \/><\/p>\n<div class=\"image-description\"><em>Prokura e posa\u00e7me e firmosur nga Irena Gjoka p\u00ebr t\u00eb autorizuar z.Konomi n\u00eb Greqi p\u00ebr t\u00eb hequr mas\u00ebn ndalim-hyrjes s\u00eb 24.12.2002.<\/em><\/div>\n<\/div>\n<\/div>\n","protected":false},"excerpt":{"rendered":"<p>Kryetari i PD, Sali Berisha n\u00eb nj\u00eb deklarat\u00eb p\u00ebr mediat pas daljes nga SPAK, publikoi nj\u00eb tjet\u00ebr dokument q\u00eb v\u00ebrteton se Irena Gjoka, me pes\u00eb mbiemra t\u00eb ndrysh\u00ebm, ka firmosur nj\u00eb prokur\u00eb p\u00ebr t\u00eb hequr ekspulsionin e saj nga Greqia. Berisha tha se, ky dokument tregon se, Gjoka i ka dh\u00ebn\u00eb avokatit t\u00eb saj, Altin &hellip;<\/p>\n","protected":false},"author":4,"featured_media":118139,"comment_status":"closed","ping_status":"closed","sticky":false,"template":"","format":"standard","meta":{"footnotes":""},"categories":[37],"tags":[],"class_list":["post-124914","post","type-post","status-publish","format-standard","has-post-thumbnail","","category-politike"],"_links":{"self":[{"href":"https:\/\/rdnews.al\/index.php\/wp-json\/wp\/v2\/posts\/124914","targetHints":{"allow":["GET"]}}],"collection":[{"href":"https:\/\/rdnews.al\/index.php\/wp-json\/wp\/v2\/posts"}],"about":[{"href":"https:\/\/rdnews.al\/index.php\/wp-json\/wp\/v2\/types\/post"}],"author":[{"embeddable":true,"href":"https:\/\/rdnews.al\/index.php\/wp-json\/wp\/v2\/users\/4"}],"replies":[{"embeddable":true,"href":"https:\/\/rdnews.al\/index.php\/wp-json\/wp\/v2\/comments?post=124914"}],"version-history":[{"count":1,"href":"https:\/\/rdnews.al\/index.php\/wp-json\/wp\/v2\/posts\/124914\/revisions"}],"predecessor-version":[{"id":124915,"href":"https:\/\/rdnews.al\/index.php\/wp-json\/wp\/v2\/posts\/124914\/revisions\/124915"}],"wp:featuredmedia":[{"embeddable":true,"href":"https:\/\/rdnews.al\/index.php\/wp-json\/wp\/v2\/media\/118139"}],"wp:attachment":[{"href":"https:\/\/rdnews.al\/index.php\/wp-json\/wp\/v2\/media?parent=124914"}],"wp:term":[{"taxonomy":"category","embeddable":true,"href":"https:\/\/rdnews.al\/index.php\/wp-json\/wp\/v2\/categories?post=124914"},{"taxonomy":"post_tag","embeddable":true,"href":"https:\/\/rdnews.al\/index.php\/wp-json\/wp\/v2\/tags?post=124914"}],"curies":[{"name":"wp","href":"https:\/\/api.w.org\/{rel}","templated":true}]}}