{"id":124918,"date":"2025-10-06T08:58:58","date_gmt":"2025-10-06T08:58:58","guid":{"rendered":"https:\/\/rdnews.al\/?p=124918"},"modified":"2025-10-06T08:58:58","modified_gmt":"2025-10-06T08:58:58","slug":"berisha-mercenari-altin-troplini-mban-ne-burg-ilir-meten-pasi-jane-dorezuar-dosjet-ndersa-liroi-simotren-e-tij-pajtime-fetahun","status":"publish","type":"post","link":"https:\/\/rdnews.al\/index.php\/2025\/10\/06\/berisha-mercenari-altin-troplini-mban-ne-burg-ilir-meten-pasi-jane-dorezuar-dosjet-ndersa-liroi-simotren-e-tij-pajtime-fetahun\/","title":{"rendered":"Berisha: Mercenari Altin \u201cTroplini\u201d mban n\u00eb burg Ilir Met\u00ebn pasi jan\u00eb dor\u00ebzuar dosjet, nd\u00ebrsa liroi simotr\u00ebn e tij, Pajtime Fetahun"},"content":{"rendered":"<p>Kryetari i PD, Sali Berisha tha se, mercenari Altin \u201cTroplini\u201d po mban n\u00eb burg Ilir Met\u00ebn pasi jan\u00eb dor\u00ebzuar dosjet, nd\u00ebrsa liroi simotr\u00ebn e tij, Pajtime Fetahu.<\/p>\n<p>\u201cKy mercenar, q\u00eb mban n\u00eb burg Ilir Met\u00ebn pasi jan\u00eb dor\u00ebzuar t\u00eb gjitha dosjet, ky nxori simotr\u00ebn e tij, Pajtime Fetahun, Pajtime Troplini apo Pajtime Dumani.<\/p>\n<p>E nxori se ajo ishte e s\u00ebmur\u00eb, ajo mund t\u00eb jet\u00eb e s\u00ebmur\u00eb dhe un\u00eb i uroj sh\u00ebrim, por u garantoj se 30-40 p\u00ebrqind e popullat\u00ebs n\u00eb burgje jan\u00eb t\u00eb s\u00ebmur\u00eb dhe kjo \u00ebsht\u00eb nj\u00eb shif\u00ebr e sakt\u00eb q\u00eb u jap ju k\u00ebtu.<\/p>\n<p>Kurse simotra e Dumanit dhe asaj Enkelejda Ball\u00ebs, k\u00ebto duhet t\u00eb dalin n\u00eb liri, pa\u00e7ka se i thoshte me dhjet\u00ebra her\u00eb Suel \u00c7el\u00ebs, v\u00eblla, t\u00eb keqen motra e t\u00eb tjera me radh\u00eb se i kam aty.<\/p>\n<p>Pra, ky \u00ebsht\u00eb turpi i drejt\u00ebsis\u00eb shqiptare, turpi i drejt\u00ebsis\u00eb bot\u00ebrore\u201d, tha Berisha.<\/p>\n","protected":false},"excerpt":{"rendered":"<p>Kryetari i PD, Sali Berisha tha se, mercenari Altin \u201cTroplini\u201d po mban n\u00eb burg Ilir Met\u00ebn pasi jan\u00eb dor\u00ebzuar dosjet, nd\u00ebrsa liroi simotr\u00ebn e tij, Pajtime Fetahu. \u201cKy mercenar, q\u00eb mban n\u00eb burg Ilir Met\u00ebn pasi jan\u00eb dor\u00ebzuar t\u00eb gjitha dosjet, ky nxori simotr\u00ebn e tij, Pajtime Fetahun, Pajtime Troplini apo Pajtime Dumani. E nxori &hellip;<\/p>\n","protected":false},"author":4,"featured_media":124919,"comment_status":"closed","ping_status":"closed","sticky":false,"template":"","format":"standard","meta":{"footnotes":""},"categories":[37],"tags":[],"class_list":["post-124918","post","type-post","status-publish","format-standard","has-post-thumbnail","","category-politike"],"_links":{"self":[{"href":"https:\/\/rdnews.al\/index.php\/wp-json\/wp\/v2\/posts\/124918","targetHints":{"allow":["GET"]}}],"collection":[{"href":"https:\/\/rdnews.al\/index.php\/wp-json\/wp\/v2\/posts"}],"about":[{"href":"https:\/\/rdnews.al\/index.php\/wp-json\/wp\/v2\/types\/post"}],"author":[{"embeddable":true,"href":"https:\/\/rdnews.al\/index.php\/wp-json\/wp\/v2\/users\/4"}],"replies":[{"embeddable":true,"href":"https:\/\/rdnews.al\/index.php\/wp-json\/wp\/v2\/comments?post=124918"}],"version-history":[{"count":1,"href":"https:\/\/rdnews.al\/index.php\/wp-json\/wp\/v2\/posts\/124918\/revisions"}],"predecessor-version":[{"id":124920,"href":"https:\/\/rdnews.al\/index.php\/wp-json\/wp\/v2\/posts\/124918\/revisions\/124920"}],"wp:featuredmedia":[{"embeddable":true,"href":"https:\/\/rdnews.al\/index.php\/wp-json\/wp\/v2\/media\/124919"}],"wp:attachment":[{"href":"https:\/\/rdnews.al\/index.php\/wp-json\/wp\/v2\/media?parent=124918"}],"wp:term":[{"taxonomy":"category","embeddable":true,"href":"https:\/\/rdnews.al\/index.php\/wp-json\/wp\/v2\/categories?post=124918"},{"taxonomy":"post_tag","embeddable":true,"href":"https:\/\/rdnews.al\/index.php\/wp-json\/wp\/v2\/tags?post=124918"}],"curies":[{"name":"wp","href":"https:\/\/api.w.org\/{rel}","templated":true}]}}