{"id":124921,"date":"2025-10-06T09:04:04","date_gmt":"2025-10-06T09:04:04","guid":{"rendered":"https:\/\/rdnews.al\/?p=124921"},"modified":"2025-10-06T09:04:04","modified_gmt":"2025-10-06T09:04:04","slug":"berisha-altin-mercenari-po-fsheh-dokumentet-e-krimit-te-dy-kandidateve-qe-preferon-ai-per-drejtimin-e-spak-ut","status":"publish","type":"post","link":"https:\/\/rdnews.al\/index.php\/2025\/10\/06\/berisha-altin-mercenari-po-fsheh-dokumentet-e-krimit-te-dy-kandidateve-qe-preferon-ai-per-drejtimin-e-spak-ut\/","title":{"rendered":"Berisha: Altin mercenari po fsheh dokumentet e krimit t\u00eb dy kandidat\u00ebve q\u00eb preferon ai p\u00ebr drejtimin e SPAK-ut"},"content":{"rendered":"<p>Kryetari i PD, Sali Berisha akuzoi s\u00ebrish kreun e SPAK, duke u shprehur se, Altin mercenari po fsheh dokumentet e krimit t\u00eb dy kandidat\u00ebve q\u00eb preferon ai p\u00ebr drejtimin e SPAK-ut.<br \/>\nBerisha se, k\u00ebto dosje p\u00ebrmbajn\u00eb fakte t\u00eb r\u00ebnda q\u00eb\u00a0n\u00ebse do t\u00eb b\u00ebheshin publike, do t\u00eb p\u00ebrjashtonin menj\u00ebher\u00eb kandidaturat n\u00eb fjal\u00eb nga \u00e7do gar\u00eb p\u00ebr kryetar t\u00eb institucionit t\u00eb akuz\u00ebs.<br \/>\n\u201cT\u00eb fal\u00ebnderoj p\u00ebr pyetjen dhe t\u00eb garantoj se nuk kam asnj\u00eb interes.<br \/>\nPor do t\u00eb paralajm\u00ebroj shqiptar\u00ebt se ky mercenar po fsheh dokumente krimi t\u00eb kandidaturave q\u00eb k\u00ebrkon t\u2019i nxjerr\u00eb.<br \/>\nDhe k\u00ebtu do jemi.<br \/>\nPo fsheh dokumente q\u00eb inkriminojn\u00eb dy kandidaturat q\u00eb ai mb\u00ebshtet&#8230;<br \/>\n&#8230;Un\u00eb rezervoj t\u00eb drejt\u00ebn t\u2019u them ju k\u00ebtu se \u00e7\u2019dokumente ka fshehur n\u00eb momentin kur t\u00eb dal\u00eb n\u00eb sken\u00eb.<br \/>\nPor kam informacione t\u00eb plota se ky fsheh dokumente t\u00eb personave q\u00eb k\u00ebrkon t\u2019i kandidoj\u00eb p\u00ebr kryetar.<br \/>\nKy ka hall, pasi e g\u00ebnjeu Edi Rama se i tha se do t\u00eb ndryshoj Kushtetut\u00ebn dhe vazhdo ti k\u00ebto, dhe mbeti pastaj ashtu si\u00e7 \u00ebsht\u00eb&#8230;<br \/>\n&#8230;Kush tha? N\u00eb fakt e kund\u00ebrta. M\u00eb vjen keq. N\u00eb fakt ai n\u00eb m\u00ebnyr\u00eb t\u00eb p\u00ebrs\u00ebritur, t\u00eb pakt\u00ebn mund t\u2019i num\u00ebroj n\u00eb komisionin parlamentar, n\u00eb konferenc\u00ebn p\u00ebr shtyp, n\u00eb konferenc\u00ebn tjet\u00ebr p\u00ebr drejt\u00ebsi, ai e ka k\u00ebrkuar&#8230;<br \/>\n&#8230;Un\u00eb at\u00eb nuk e kursej, se ai ishte xhelat i policis\u00eb sekrete hoxhiste, por ai nuk e shnd\u00ebrroi n\u00eb tabu zgjatjen e mandatit dhe ndryshimin e Kushtetut\u00ebs p\u00ebr krimet q\u00eb kan\u00eb kryer k\u00ebta.<br \/>\nJo, sepse ky pse e do at\u00eb? Ky ka fshehur krime. Ky fle mbi krime. Ky fle mbi dosje krime.<br \/>\nEdhe nj\u00ebher\u00eb, ku \u00ebsht\u00eb Aruba? Pse duhet ta marr\u00ebsh ti Arub\u00ebn nga nj\u00eb gazetar italian n\u00eb nj\u00eb koh\u00eb kur dosja \u00ebsht\u00eb k\u00ebtu prej vitesh?<br \/>\nUn\u00eb nuk merrem kurr\u00eb me kandidatura, un\u00eb respektoj Kushtetut\u00ebn dhe p\u00ebrcaktimin q\u00eb ka Kushtetuta p\u00ebr k\u00ebt\u00eb.<br \/>\nNuk ka asnj\u00eb tag\u00ebr, asnj\u00eb drejtues politik t\u00eb implikohet n\u00eb nj\u00eb procedur\u00eb q\u00eb \u00ebsht\u00eb strikt e trupit t\u00eb prokuror\u00ebve\u201d, tha Berisha.<\/p>\n","protected":false},"excerpt":{"rendered":"<p>Kryetari i PD, Sali Berisha akuzoi s\u00ebrish kreun e SPAK, duke u shprehur se, Altin mercenari po fsheh dokumentet e krimit t\u00eb dy kandidat\u00ebve q\u00eb preferon ai p\u00ebr drejtimin e SPAK-ut. Berisha se, k\u00ebto dosje p\u00ebrmbajn\u00eb fakte t\u00eb r\u00ebnda q\u00eb\u00a0n\u00ebse do t\u00eb b\u00ebheshin publike, do t\u00eb p\u00ebrjashtonin menj\u00ebher\u00eb kandidaturat n\u00eb fjal\u00eb nga \u00e7do gar\u00eb p\u00ebr &hellip;<\/p>\n","protected":false},"author":4,"featured_media":72743,"comment_status":"closed","ping_status":"closed","sticky":false,"template":"","format":"standard","meta":{"footnotes":""},"categories":[37],"tags":[],"class_list":["post-124921","post","type-post","status-publish","format-standard","has-post-thumbnail","","category-politike"],"_links":{"self":[{"href":"https:\/\/rdnews.al\/index.php\/wp-json\/wp\/v2\/posts\/124921","targetHints":{"allow":["GET"]}}],"collection":[{"href":"https:\/\/rdnews.al\/index.php\/wp-json\/wp\/v2\/posts"}],"about":[{"href":"https:\/\/rdnews.al\/index.php\/wp-json\/wp\/v2\/types\/post"}],"author":[{"embeddable":true,"href":"https:\/\/rdnews.al\/index.php\/wp-json\/wp\/v2\/users\/4"}],"replies":[{"embeddable":true,"href":"https:\/\/rdnews.al\/index.php\/wp-json\/wp\/v2\/comments?post=124921"}],"version-history":[{"count":1,"href":"https:\/\/rdnews.al\/index.php\/wp-json\/wp\/v2\/posts\/124921\/revisions"}],"predecessor-version":[{"id":124922,"href":"https:\/\/rdnews.al\/index.php\/wp-json\/wp\/v2\/posts\/124921\/revisions\/124922"}],"wp:featuredmedia":[{"embeddable":true,"href":"https:\/\/rdnews.al\/index.php\/wp-json\/wp\/v2\/media\/72743"}],"wp:attachment":[{"href":"https:\/\/rdnews.al\/index.php\/wp-json\/wp\/v2\/media?parent=124921"}],"wp:term":[{"taxonomy":"category","embeddable":true,"href":"https:\/\/rdnews.al\/index.php\/wp-json\/wp\/v2\/categories?post=124921"},{"taxonomy":"post_tag","embeddable":true,"href":"https:\/\/rdnews.al\/index.php\/wp-json\/wp\/v2\/tags?post=124921"}],"curies":[{"name":"wp","href":"https:\/\/api.w.org\/{rel}","templated":true}]}}