{"id":124925,"date":"2025-10-06T09:14:50","date_gmt":"2025-10-06T09:14:50","guid":{"rendered":"https:\/\/rdnews.al\/?p=124925"},"modified":"2025-10-06T09:14:50","modified_gmt":"2025-10-06T09:14:50","slug":"berisha-kam-konfirmim-per-takimin-e-arubes-dosja-eshte-1-milion-faqe-dhe-ndodhet-ne-spak-por-nuk-hapet","status":"publish","type":"post","link":"https:\/\/rdnews.al\/index.php\/2025\/10\/06\/berisha-kam-konfirmim-per-takimin-e-arubes-dosja-eshte-1-milion-faqe-dhe-ndodhet-ne-spak-por-nuk-hapet\/","title":{"rendered":"Berisha: Kam konfirmim p\u00ebr takimin e Arub\u00ebs! Dosja \u00ebsht\u00eb 1 milion faqe dhe ndodhet n\u00eb SPAK, por nuk hapet!"},"content":{"rendered":"<p>Kryetari i PD, Sali Berisha tha n\u00eb nj\u00eb deklarat\u00eb p\u00ebr mediat se, ka konfirmim t\u00eb plot\u00eb p\u00ebr takimin e Arub\u00ebs. Ai u shpreh se, dosja \u00ebsht\u00eb 1 milion faqe dhe ndodhet n\u00eb SPAK, por nuk hapet!<br \/>\n\u201cUn\u00eb nuk e kam nga gazetari italian.<br \/>\nE that\u00eb vet\u00eb ju, t\u00eb par\u00ebt q\u00eb kan\u00eb zbuluar, q\u00eb kan\u00eb b\u00ebr\u00eb publike dosjen e Arub\u00ebs \u00ebsht\u00eb gjykata belge.<br \/>\nN\u00eb gjykat\u00ebn belge ka dal\u00eb emri i Edi Ram\u00ebs.<br \/>\nNuk e di n\u00ebse ka dal\u00eb si pjes\u00ebmarr\u00ebs n\u00eb takim, por di 100 p\u00ebrqind t\u00eb sigurt se nj\u00eb nga pjes\u00ebmarr\u00ebsit ka deklaruar n\u00eb gjykat\u00eb se jemi marr\u00eb vesh, kryeministri na ka premtuar se do investojm\u00eb parat\u00eb tona n\u00eb Shqip\u00ebri.<br \/>\nDokument p\u00ebr k\u00ebt\u00eb? Edhe po, edhe jo.<br \/>\nKonfirmim t\u00eb plot\u00eb kam nga miq t\u00eb mi.<br \/>\nPor at\u00eb q\u00eb thua ti, ende nuk e kam.<br \/>\nKonfirmim kam q\u00eb kjo ka dal\u00eb.<br \/>\nPra, Aruba si\u00e7 e ka marr\u00eb belgu&#8230; Aruba \u00ebsht\u00eb 1 milion faqe k\u00ebtu.<br \/>\nPo kush e hap Arub\u00ebn?<br \/>\nKy i mban aty.<br \/>\nNuk guxon&#8230;<br \/>\n&#8230; Ajo dosje do hapet, nuk do mbyllet kurr\u00eb sepse \u00ebsht\u00eb nj\u00eb akt i sh\u00ebmtuar. Do hapet patjet\u00ebr\u201d, tha Berisha.<\/p>\n","protected":false},"excerpt":{"rendered":"<p>Kryetari i PD, Sali Berisha tha n\u00eb nj\u00eb deklarat\u00eb p\u00ebr mediat se, ka konfirmim t\u00eb plot\u00eb p\u00ebr takimin e Arub\u00ebs. Ai u shpreh se, dosja \u00ebsht\u00eb 1 milion faqe dhe ndodhet n\u00eb SPAK, por nuk hapet! \u201cUn\u00eb nuk e kam nga gazetari italian. E that\u00eb vet\u00eb ju, t\u00eb par\u00ebt q\u00eb kan\u00eb zbuluar, q\u00eb kan\u00eb b\u00ebr\u00eb &hellip;<\/p>\n","protected":false},"author":4,"featured_media":124926,"comment_status":"closed","ping_status":"closed","sticky":false,"template":"","format":"standard","meta":{"footnotes":""},"categories":[37],"tags":[],"class_list":["post-124925","post","type-post","status-publish","format-standard","has-post-thumbnail","","category-politike"],"_links":{"self":[{"href":"https:\/\/rdnews.al\/index.php\/wp-json\/wp\/v2\/posts\/124925","targetHints":{"allow":["GET"]}}],"collection":[{"href":"https:\/\/rdnews.al\/index.php\/wp-json\/wp\/v2\/posts"}],"about":[{"href":"https:\/\/rdnews.al\/index.php\/wp-json\/wp\/v2\/types\/post"}],"author":[{"embeddable":true,"href":"https:\/\/rdnews.al\/index.php\/wp-json\/wp\/v2\/users\/4"}],"replies":[{"embeddable":true,"href":"https:\/\/rdnews.al\/index.php\/wp-json\/wp\/v2\/comments?post=124925"}],"version-history":[{"count":1,"href":"https:\/\/rdnews.al\/index.php\/wp-json\/wp\/v2\/posts\/124925\/revisions"}],"predecessor-version":[{"id":124927,"href":"https:\/\/rdnews.al\/index.php\/wp-json\/wp\/v2\/posts\/124925\/revisions\/124927"}],"wp:featuredmedia":[{"embeddable":true,"href":"https:\/\/rdnews.al\/index.php\/wp-json\/wp\/v2\/media\/124926"}],"wp:attachment":[{"href":"https:\/\/rdnews.al\/index.php\/wp-json\/wp\/v2\/media?parent=124925"}],"wp:term":[{"taxonomy":"category","embeddable":true,"href":"https:\/\/rdnews.al\/index.php\/wp-json\/wp\/v2\/categories?post=124925"},{"taxonomy":"post_tag","embeddable":true,"href":"https:\/\/rdnews.al\/index.php\/wp-json\/wp\/v2\/tags?post=124925"}],"curies":[{"name":"wp","href":"https:\/\/api.w.org\/{rel}","templated":true}]}}