{"id":124928,"date":"2025-10-06T09:24:15","date_gmt":"2025-10-06T09:24:15","guid":{"rendered":"https:\/\/rdnews.al\/?p=124928"},"modified":"2025-10-06T09:26:41","modified_gmt":"2025-10-06T09:26:41","slug":"berisha-zbulon-pse-e-fshiu-foton-e-dakos-e-fshiva-se-ishte-nje-video-intimiteti-me-shqopen","status":"publish","type":"post","link":"https:\/\/rdnews.al\/index.php\/2025\/10\/06\/berisha-zbulon-pse-e-fshiu-foton-e-dakos-e-fshiva-se-ishte-nje-video-intimiteti-me-shqopen\/","title":{"rendered":"Berisha zbulon pse e fshiu foton e Dakos: E hoqa se ishte nj\u00eb video intimiteti me Shqop\u00ebn!"},"content":{"rendered":"<p>Kryetari i PD, Sali Berisha ka sqaruar arsyen se pse e fshiu nga faqja e tij e Facebook-ut foton e ish-kryebashkiakut Vangjush Dako. Ky i fundit ishte shtrir\u00eb n\u00eb krevat, n\u00eb ambientet e spitalit t\u00eb burgut n\u00eb Durr\u00ebs.<br \/>\nBerisha tha se, e fshiu foton pasi kuptoi se ish-kryebashkiaku i Durr\u00ebsit shfaqej n\u00eb momente intimiteti me Shqop\u00ebn dhe sqaroi se, nuk d\u00ebshiron t\u00eb merret me \u00e7\u00ebshtje t\u00eb tilla.<br \/>\n\u201cAjo foto&#8230; e ke shum\u00eb t\u00eb drejt\u00eb&#8230; un\u00eb kam nj\u00eb praktik\u00eb, n\u00eb rast se ka t\u00eb dh\u00ebna se fotoja apo dokumenti \u00ebsht\u00eb fake, un\u00eb absolutisht e heq menj\u00ebher\u00eb.<br \/>\nE kam theksuar dhe e theksoj, qytetari dixhital funksionon me nj\u00eb burim si\u00e7 funksionojn\u00eb shum\u00eb media n\u00eb bot\u00eb.<br \/>\n\u00c7far\u00eb kishte aty?<br \/>\nVangjush Dako a u burgos p\u00ebr t\u00eb shkuar tek Veliaj? Kjo \u00ebsht\u00eb e v\u00ebrtet\u00eb.<br \/>\nA \u00ebsht\u00eb e v\u00ebrtet\u00eb q\u00eb u shtrua n\u00eb spital? Kjo \u00ebsht\u00eb e v\u00ebrtet\u00eb.<br \/>\nPastaj e kishin tepruar se ajo fotoja, kur pash\u00eb m\u00eb von\u00eb q\u00eb ishte nj\u00eb video intimiteti me Shqop\u00ebn, e hoqa menj\u00ebher\u00eb.<br \/>\nBrenda burgut apo spitalit t\u00eb burgut, nuk e di se ku ishte ajo.<br \/>\nMe \u00e7\u00ebshtje intimitetesh nuk merrem un\u00eb\u201d, tha Berisha.<\/p>\n<p><img loading=\"lazy\" decoding=\"async\" class=\"alignnone size-medium wp-image-124042\" src=\"https:\/\/rdnews.al\/wp-content\/uploads\/2025\/09\/dak-1-296x300.jpg\" alt=\"\" width=\"296\" height=\"300\" srcset=\"https:\/\/rdnews.al\/wp-content\/uploads\/2025\/09\/dak-1-296x300.jpg 296w, https:\/\/rdnews.al\/wp-content\/uploads\/2025\/09\/dak-1-1010x1024.jpg 1010w, https:\/\/rdnews.al\/wp-content\/uploads\/2025\/09\/dak-1-768x779.jpg 768w, https:\/\/rdnews.al\/wp-content\/uploads\/2025\/09\/dak-1.jpg 1160w\" sizes=\"auto, (max-width: 296px) 100vw, 296px\" \/><\/p>\n","protected":false},"excerpt":{"rendered":"<p>Kryetari i PD, Sali Berisha ka sqaruar arsyen se pse e fshiu nga faqja e tij e Facebook-ut foton e ish-kryebashkiakut Vangjush Dako. Ky i fundit ishte shtrir\u00eb n\u00eb krevat, n\u00eb ambientet e spitalit t\u00eb burgut n\u00eb Durr\u00ebs. Berisha tha se, e fshiu foton pasi kuptoi se ish-kryebashkiaku i Durr\u00ebsit shfaqej n\u00eb momente intimiteti me &hellip;<\/p>\n","protected":false},"author":4,"featured_media":124042,"comment_status":"closed","ping_status":"closed","sticky":false,"template":"","format":"standard","meta":{"footnotes":""},"categories":[37],"tags":[],"class_list":["post-124928","post","type-post","status-publish","format-standard","has-post-thumbnail","","category-politike"],"_links":{"self":[{"href":"https:\/\/rdnews.al\/index.php\/wp-json\/wp\/v2\/posts\/124928","targetHints":{"allow":["GET"]}}],"collection":[{"href":"https:\/\/rdnews.al\/index.php\/wp-json\/wp\/v2\/posts"}],"about":[{"href":"https:\/\/rdnews.al\/index.php\/wp-json\/wp\/v2\/types\/post"}],"author":[{"embeddable":true,"href":"https:\/\/rdnews.al\/index.php\/wp-json\/wp\/v2\/users\/4"}],"replies":[{"embeddable":true,"href":"https:\/\/rdnews.al\/index.php\/wp-json\/wp\/v2\/comments?post=124928"}],"version-history":[{"count":3,"href":"https:\/\/rdnews.al\/index.php\/wp-json\/wp\/v2\/posts\/124928\/revisions"}],"predecessor-version":[{"id":124931,"href":"https:\/\/rdnews.al\/index.php\/wp-json\/wp\/v2\/posts\/124928\/revisions\/124931"}],"wp:featuredmedia":[{"embeddable":true,"href":"https:\/\/rdnews.al\/index.php\/wp-json\/wp\/v2\/media\/124042"}],"wp:attachment":[{"href":"https:\/\/rdnews.al\/index.php\/wp-json\/wp\/v2\/media?parent=124928"}],"wp:term":[{"taxonomy":"category","embeddable":true,"href":"https:\/\/rdnews.al\/index.php\/wp-json\/wp\/v2\/categories?post=124928"},{"taxonomy":"post_tag","embeddable":true,"href":"https:\/\/rdnews.al\/index.php\/wp-json\/wp\/v2\/tags?post=124928"}],"curies":[{"name":"wp","href":"https:\/\/api.w.org\/{rel}","templated":true}]}}