{"id":124950,"date":"2025-10-06T11:01:19","date_gmt":"2025-10-06T11:01:19","guid":{"rendered":"https:\/\/rdnews.al\/?p=124950"},"modified":"2025-10-06T11:01:19","modified_gmt":"2025-10-06T11:01:19","slug":"berisha-florian-binaj-bashke-me-piranjat-jane-ne-linjen-e-pare-te-luftes-kunder-korrupsionit-ftoj-aleatet-dhe-qytetaret-ta-mbeshtesin-kete-kandidature","status":"publish","type":"post","link":"https:\/\/rdnews.al\/index.php\/2025\/10\/06\/berisha-florian-binaj-bashke-me-piranjat-jane-ne-linjen-e-pare-te-luftes-kunder-korrupsionit-ftoj-aleatet-dhe-qytetaret-ta-mbeshtesin-kete-kandidature\/","title":{"rendered":"Berisha: Florian Binaj bashk\u00eb me Piranjat jan\u00eb n\u00eb linj\u00ebn e par\u00eb t\u00eb luft\u00ebs kund\u00ebr korrupsionit! Ftoj aleat\u00ebt dhe qytetar\u00ebt ta mb\u00ebshtesin k\u00ebt\u00eb kandidatur\u00eb"},"content":{"rendered":"<p>Kryetari i PD, Sali Berisha tha se, Florian Binaj bashk\u00eb me Piranjat jan\u00eb n\u00eb linj\u00ebn e par\u00eb t\u00eb luft\u00ebs kund\u00ebr korrupsionit! Ftoj aleat\u00ebt dhe qytetar\u00ebt ta mb\u00ebshtesin k\u00ebt\u00eb kandidatur\u00eb.<\/p>\n<p>N\u00eb konferenc\u00ebn me gazetar\u00ebt n\u00eb selin\u00eb blu, Berisha ftoi aleat\u00ebt dhe qytetar\u00ebt ta mb\u00ebshtesin kandidatur\u00ebn e Florian Binajt.<\/p>\n<p>&#8220;Shpresoj q\u00eb aleat\u00ebt, opozitar\u00ebt, t\u00eb bashkohemi n\u00eb k\u00ebt\u00eb mb\u00ebshtetje ndaj nj\u00eb personaliteti me reputacion t\u00eb gjer\u00eb, tek i cili gjejn\u00eb veten m\u00eb shum\u00eb se kushdo tjet\u00ebr t\u00eb p\u00ebrfaq\u00ebsuar, qytetar\u00ebt e Tiran\u00ebs.<\/p>\n<p>Ai ishte p\u00ebr vite e vite me radh\u00eb, yll apo superyll i shfaqjes m\u00eb t\u00eb shikuar t\u00eb vendit dhe n\u00eb \u00e7do rol, interpretimi i tij ishte m\u00eb i p\u00eblqyeri, ishte i p\u00ebrsosur.<\/p>\n<p>Florian Binaj \u00ebsht\u00eb nga ata artist\u00eb q\u00eb konsideron kauzat qytetare si kauzat e tij.<\/p>\n<p>Dhe t\u00eb gjith\u00eb ju jeni d\u00ebshmitar\u00eb t\u00eb betejave q\u00eb ai ka b\u00ebr\u00eb s\u00eb bashku me t\u00eb tjer\u00eb n\u00eb mbrojtje t\u00eb k\u00ebtyre kauzave.<\/p>\n<p>Ai, s\u00eb bashku me bashk\u00ebpun\u00ebtor\u00eb, me ekip, kan\u00eb nd\u00ebrtuar dhe paraqesin nj\u00eb nga emisionet investigative m\u00eb t\u00eb shikuara, Piranjat, t\u00eb cilat Edi Rama, i tmerruar, i p\u00ebrzuri nga televizioni ABC dhe u zhvendos\u00ebn tek televizioni SYRI.<\/p>\n<p>Pra, mund t\u00eb themi se n\u00eb k\u00ebt\u00eb kontekst, Florian Binaj, s\u00eb bashku me ekipin drejtues t\u00eb Piranjave dhe stafin, jan\u00eb n\u00eb linj\u00ebn e par\u00eb t\u00eb luft\u00ebs kund\u00ebr korrupsionit.<\/p>\n<p>Kund\u00ebr k\u00ebsaj dukurie shkat\u00ebrrimtare p\u00ebr Shqip\u00ebrin\u00eb dhe shqiptar\u00ebt.<\/p>\n<p>Ndaj dhe nj\u00ebher\u00eb ftoj aleat\u00ebt dhe t\u00eb gjith\u00eb opozitar\u00ebt, ftoj qytetar\u00ebt t\u00eb mb\u00ebshtesin k\u00ebt\u00eb kandidatur\u00eb si nj\u00eb kandidatur\u00eb q\u00eb i b\u00ebn nder \u00e7do qytetari dhe kryeqytetit t\u00eb vendit\u201d, tha Berisha.<\/p>\n","protected":false},"excerpt":{"rendered":"<p>Kryetari i PD, Sali Berisha tha se, Florian Binaj bashk\u00eb me Piranjat jan\u00eb n\u00eb linj\u00ebn e par\u00eb t\u00eb luft\u00ebs kund\u00ebr korrupsionit! Ftoj aleat\u00ebt dhe qytetar\u00ebt ta mb\u00ebshtesin k\u00ebt\u00eb kandidatur\u00eb. N\u00eb konferenc\u00ebn me gazetar\u00ebt n\u00eb selin\u00eb blu, Berisha ftoi aleat\u00ebt dhe qytetar\u00ebt ta mb\u00ebshtesin kandidatur\u00ebn e Florian Binajt. &#8220;Shpresoj q\u00eb aleat\u00ebt, opozitar\u00ebt, t\u00eb bashkohemi n\u00eb k\u00ebt\u00eb &hellip;<\/p>\n","protected":false},"author":4,"featured_media":124951,"comment_status":"closed","ping_status":"closed","sticky":false,"template":"","format":"standard","meta":{"footnotes":""},"categories":[37],"tags":[],"class_list":["post-124950","post","type-post","status-publish","format-standard","has-post-thumbnail","","category-politike"],"_links":{"self":[{"href":"https:\/\/rdnews.al\/index.php\/wp-json\/wp\/v2\/posts\/124950","targetHints":{"allow":["GET"]}}],"collection":[{"href":"https:\/\/rdnews.al\/index.php\/wp-json\/wp\/v2\/posts"}],"about":[{"href":"https:\/\/rdnews.al\/index.php\/wp-json\/wp\/v2\/types\/post"}],"author":[{"embeddable":true,"href":"https:\/\/rdnews.al\/index.php\/wp-json\/wp\/v2\/users\/4"}],"replies":[{"embeddable":true,"href":"https:\/\/rdnews.al\/index.php\/wp-json\/wp\/v2\/comments?post=124950"}],"version-history":[{"count":1,"href":"https:\/\/rdnews.al\/index.php\/wp-json\/wp\/v2\/posts\/124950\/revisions"}],"predecessor-version":[{"id":124952,"href":"https:\/\/rdnews.al\/index.php\/wp-json\/wp\/v2\/posts\/124950\/revisions\/124952"}],"wp:featuredmedia":[{"embeddable":true,"href":"https:\/\/rdnews.al\/index.php\/wp-json\/wp\/v2\/media\/124951"}],"wp:attachment":[{"href":"https:\/\/rdnews.al\/index.php\/wp-json\/wp\/v2\/media?parent=124950"}],"wp:term":[{"taxonomy":"category","embeddable":true,"href":"https:\/\/rdnews.al\/index.php\/wp-json\/wp\/v2\/categories?post=124950"},{"taxonomy":"post_tag","embeddable":true,"href":"https:\/\/rdnews.al\/index.php\/wp-json\/wp\/v2\/tags?post=124950"}],"curies":[{"name":"wp","href":"https:\/\/api.w.org\/{rel}","templated":true}]}}