{"id":124953,"date":"2025-10-06T11:06:07","date_gmt":"2025-10-06T11:06:07","guid":{"rendered":"https:\/\/rdnews.al\/?p=124953"},"modified":"2025-10-06T11:06:07","modified_gmt":"2025-10-06T11:06:07","slug":"kandidatura-e-florjan-binajt-berisha-ne-nuk-i-diktojme-atij-do-jete-ai-qe-do-e-gjeje-ndihmen-qe-kerkon-nga-forca-jone-politike","status":"publish","type":"post","link":"https:\/\/rdnews.al\/index.php\/2025\/10\/06\/kandidatura-e-florjan-binajt-berisha-ne-nuk-i-diktojme-atij-do-jete-ai-qe-do-e-gjeje-ndihmen-qe-kerkon-nga-forca-jone-politike\/","title":{"rendered":"Kandidatura e Florjan Binajt\/ Berisha: Ne nuk i diktojm\u00eb atij, do jet\u00eb ai q\u00eb do e gjej\u00eb ndihm\u00ebn q\u00eb k\u00ebrkon nga forca jon\u00eb politike"},"content":{"rendered":"<p>Kryetari i PD, Sali Berisha tha se, nuk dikton vendimin askujt p\u00ebr t\u00eb kandiduar n\u00eb zgjedhjet\u00a0e pjesshme vendore t\u00eb Tiran\u00ebs, pa u konsultuar m\u00eb par\u00eb me vet\u00eb kandidatin. Ai tha se, duke kandidati do t\u00eb ket\u00eb ndihm\u00ebn dhe mb\u00ebshtetjen q\u00eb k\u00ebrkon nga PD.<\/p>\n<p>\u201cAsnj\u00eb hap nuk mund t\u00eb nd\u00ebrmerret pa kandidatin dhe do jet\u00eb kandidati, n\u00eb qoft\u00ebse kemi r\u00ebn\u00eb dakord p\u00ebr nj\u00eb kandidat t\u00eb pavarur, kjo nuk do thot\u00eb se ne do i diktojm\u00eb atij.<\/p>\n<p>Do jet\u00eb ai q\u00eb do gjej\u00eb ndihm\u00ebn q\u00eb k\u00ebrkon nga forca jon\u00eb politike dhe forcat e tjera politike.<\/p>\n<p>Jemi t\u00eb gatsh\u00ebm t\u00eb angazhojm\u00eb, pas r\u00ebnies dakord me forcat e tjera politike, t\u00eb gjitha potencialet tona q\u00eb kandidati e gjykon se i sh\u00ebrbejn\u00eb fitores s\u00eb tij\u201d, tha Berisha.<\/p>\n","protected":false},"excerpt":{"rendered":"<p>Kryetari i PD, Sali Berisha tha se, nuk dikton vendimin askujt p\u00ebr t\u00eb kandiduar n\u00eb zgjedhjet\u00a0e pjesshme vendore t\u00eb Tiran\u00ebs, pa u konsultuar m\u00eb par\u00eb me vet\u00eb kandidatin. Ai tha se, duke kandidati do t\u00eb ket\u00eb ndihm\u00ebn dhe mb\u00ebshtetjen q\u00eb k\u00ebrkon nga PD. \u201cAsnj\u00eb hap nuk mund t\u00eb nd\u00ebrmerret pa kandidatin dhe do jet\u00eb kandidati, &hellip;<\/p>\n","protected":false},"author":4,"featured_media":124954,"comment_status":"closed","ping_status":"closed","sticky":false,"template":"","format":"standard","meta":{"footnotes":""},"categories":[37],"tags":[],"class_list":["post-124953","post","type-post","status-publish","format-standard","has-post-thumbnail","","category-politike"],"_links":{"self":[{"href":"https:\/\/rdnews.al\/index.php\/wp-json\/wp\/v2\/posts\/124953","targetHints":{"allow":["GET"]}}],"collection":[{"href":"https:\/\/rdnews.al\/index.php\/wp-json\/wp\/v2\/posts"}],"about":[{"href":"https:\/\/rdnews.al\/index.php\/wp-json\/wp\/v2\/types\/post"}],"author":[{"embeddable":true,"href":"https:\/\/rdnews.al\/index.php\/wp-json\/wp\/v2\/users\/4"}],"replies":[{"embeddable":true,"href":"https:\/\/rdnews.al\/index.php\/wp-json\/wp\/v2\/comments?post=124953"}],"version-history":[{"count":1,"href":"https:\/\/rdnews.al\/index.php\/wp-json\/wp\/v2\/posts\/124953\/revisions"}],"predecessor-version":[{"id":124955,"href":"https:\/\/rdnews.al\/index.php\/wp-json\/wp\/v2\/posts\/124953\/revisions\/124955"}],"wp:featuredmedia":[{"embeddable":true,"href":"https:\/\/rdnews.al\/index.php\/wp-json\/wp\/v2\/media\/124954"}],"wp:attachment":[{"href":"https:\/\/rdnews.al\/index.php\/wp-json\/wp\/v2\/media?parent=124953"}],"wp:term":[{"taxonomy":"category","embeddable":true,"href":"https:\/\/rdnews.al\/index.php\/wp-json\/wp\/v2\/categories?post=124953"},{"taxonomy":"post_tag","embeddable":true,"href":"https:\/\/rdnews.al\/index.php\/wp-json\/wp\/v2\/tags?post=124953"}],"curies":[{"name":"wp","href":"https:\/\/api.w.org\/{rel}","templated":true}]}}