{"id":124956,"date":"2025-10-06T11:12:14","date_gmt":"2025-10-06T11:12:14","guid":{"rendered":"https:\/\/rdnews.al\/?p=124956"},"modified":"2025-10-06T11:12:38","modified_gmt":"2025-10-06T11:12:38","slug":"berisha-florjan-binajn-e-hoqi-nga-abc-news-edi-rama-dhe-fuga-e-tij-syri-pati-kurajen-qe-i-dha-hapesiren-per-piranjat","status":"publish","type":"post","link":"https:\/\/rdnews.al\/index.php\/2025\/10\/06\/berisha-florjan-binajn-e-hoqi-nga-abc-news-edi-rama-dhe-fuga-e-tij-syri-pati-kurajen-qe-i-dha-hapesiren-per-piranjat\/","title":{"rendered":"Florjan Binajn e hoqi nga ABC News Edi Rama dhe Fuga e tij! SYRI pati kuraj\u00ebn q\u00eb i dha hap\u00ebsir\u00ebn p\u00ebr Piranjat"},"content":{"rendered":"<p>Kryetari i PD, Sali Berisha tha se, Florjan Binajn e hoqi Edi Rama dhe Fuga e tij nga ABC News! Ai tha se, SYRI pati kuraj\u00ebn q\u00eb i dha hap\u00ebsir\u00ebn p\u00ebr Piranjat.<\/p>\n<p>\u201cAq sa \u00e7\u2019ishte kur punonte tek ABC News.<\/p>\n<p>Kaq i pavarur \u00ebsht\u00eb.<\/p>\n<p>T\u00eb garantoj.<\/p>\n<p>E hoqi Edi Rama nga ABC News me Fug\u00ebn e tij, q\u00eb tani \u00ebsht\u00eb zhdukur.<\/p>\n<p>A dini gj\u00eb p\u00ebr at\u00eb Fug\u00ebn ju? Keni ndonj\u00eb ide se ku \u00ebsht\u00eb ai njeri?<\/p>\n<p>Se k\u00ebrkohet nga Skapi. Sipas disa t\u00eb dh\u00ebnave, ai duhej t\u00eb ishte me Velin\u00eb aty.<\/p>\n<p>Imagjinoni tani, Edi Ram\u00ebs, i arratiset, i zhduket, njeriu m\u00eb i af\u00ebrt i tij.<\/p>\n<p>Se n\u00eb qoft\u00eb se ka pasur nj\u00eb njeri t\u00eb af\u00ebrt, m\u00eb t\u00eb af\u00ebrt, ishte Endri Fuga.<\/p>\n<p>Ku \u00ebsht\u00eb ai? Po menaxhon parat\u00eb e Edi Ram\u00ebs n\u00eb dhera t\u00eb larg\u00ebta? Ka ikur nga Skapi?<\/p>\n<p>\u00c7\u2019\u00ebsht\u00eb kjo err\u00ebsir\u00eb?<\/p>\n<p>Vazhdojm\u00eb&#8230;<\/p>\n<p>Pra, tek SYRI pat\u00ebn kurajo dhe i dhan\u00eb hap\u00ebsir\u00ebn, por ata i kishin nd\u00ebrtuar Piranjat, si\u00e7 e dini ju vet\u00eb, tek ABC.<\/p>\n<p>Por se e p\u00ebrzuri Sokol Balla, jo Sokol Balla, por Edi Rama, se ai ka zbatuar urdhrin e Edi Ram\u00ebs dhe Endri Fuga, nuk \u00ebsht\u00eb puna e tij.<\/p>\n<p>Ai sigurisht q\u00ebndroi, se edhe mund ta linte, mund t\u00eb thoshte q\u00eb ja&#8230;<\/p>\n<p>At\u00ebher\u00eb?<\/p>\n<p>Ju duhet t\u00eb shtroni pyetjen, a i sh\u00ebrbejn\u00eb Piranjat interesit t\u00eb qytetar\u00ebve?<\/p>\n<p>Un\u00eb mendoj se i sh\u00ebrben dhe \u00e7do gazetar q\u00eb merret me investigim dhe u thot\u00eb qytetar\u00ebve t\u00eb v\u00ebrtetat, meriton respekt t\u00eb padiskutuesh\u00ebm.<\/p>\n<p>Nuk ka lidhje, ai ishte atje. Ata e p\u00ebrzun\u00eb.<\/p>\n<p>Nuk e toleronte Edi Rama. E ka tmerr. \u00cbsht\u00eb i shfazuar.<\/p>\n<p>Po ta vini re ju, \u00ebsht\u00eb i shfazuar. Ka r\u00ebn\u00eb viktim\u00eb e b\u00ebmave dhe gj\u00ebmave t\u00eb tij\u201d, tha Berisha.<\/p>\n","protected":false},"excerpt":{"rendered":"<p>Kryetari i PD, Sali Berisha tha se, Florjan Binajn e hoqi Edi Rama dhe Fuga e tij nga ABC News! Ai tha se, SYRI pati kuraj\u00ebn q\u00eb i dha hap\u00ebsir\u00ebn p\u00ebr Piranjat. \u201cAq sa \u00e7\u2019ishte kur punonte tek ABC News. Kaq i pavarur \u00ebsht\u00eb. T\u00eb garantoj. E hoqi Edi Rama nga ABC News me Fug\u00ebn &hellip;<\/p>\n","protected":false},"author":4,"featured_media":124957,"comment_status":"closed","ping_status":"closed","sticky":false,"template":"","format":"standard","meta":{"footnotes":""},"categories":[37],"tags":[],"class_list":["post-124956","post","type-post","status-publish","format-standard","has-post-thumbnail","","category-politike"],"_links":{"self":[{"href":"https:\/\/rdnews.al\/index.php\/wp-json\/wp\/v2\/posts\/124956","targetHints":{"allow":["GET"]}}],"collection":[{"href":"https:\/\/rdnews.al\/index.php\/wp-json\/wp\/v2\/posts"}],"about":[{"href":"https:\/\/rdnews.al\/index.php\/wp-json\/wp\/v2\/types\/post"}],"author":[{"embeddable":true,"href":"https:\/\/rdnews.al\/index.php\/wp-json\/wp\/v2\/users\/4"}],"replies":[{"embeddable":true,"href":"https:\/\/rdnews.al\/index.php\/wp-json\/wp\/v2\/comments?post=124956"}],"version-history":[{"count":2,"href":"https:\/\/rdnews.al\/index.php\/wp-json\/wp\/v2\/posts\/124956\/revisions"}],"predecessor-version":[{"id":124959,"href":"https:\/\/rdnews.al\/index.php\/wp-json\/wp\/v2\/posts\/124956\/revisions\/124959"}],"wp:featuredmedia":[{"embeddable":true,"href":"https:\/\/rdnews.al\/index.php\/wp-json\/wp\/v2\/media\/124957"}],"wp:attachment":[{"href":"https:\/\/rdnews.al\/index.php\/wp-json\/wp\/v2\/media?parent=124956"}],"wp:term":[{"taxonomy":"category","embeddable":true,"href":"https:\/\/rdnews.al\/index.php\/wp-json\/wp\/v2\/categories?post=124956"},{"taxonomy":"post_tag","embeddable":true,"href":"https:\/\/rdnews.al\/index.php\/wp-json\/wp\/v2\/tags?post=124956"}],"curies":[{"name":"wp","href":"https:\/\/api.w.org\/{rel}","templated":true}]}}