{"id":124996,"date":"2025-10-06T15:14:54","date_gmt":"2025-10-06T15:14:54","guid":{"rendered":"https:\/\/rdnews.al\/?p=124996"},"modified":"2025-10-06T15:14:54","modified_gmt":"2025-10-06T15:14:54","slug":"reagon-bardhi-vetegjyqesia-ndaj-gjykatesve-nisi-nga-sulmet-e-rames-ndaj-gjyqtareve","status":"publish","type":"post","link":"https:\/\/rdnews.al\/index.php\/2025\/10\/06\/reagon-bardhi-vetegjyqesia-ndaj-gjykatesve-nisi-nga-sulmet-e-rames-ndaj-gjyqtareve\/","title":{"rendered":"Reagon Bardhi\/ Vet\u00ebgjyq\u00ebsia ndaj gjykat\u00ebsve nisi nga sulmet e Ram\u00ebs ndaj gjyqtar\u00ebve"},"content":{"rendered":"<p><strong>Gazment BARDHI<\/strong><\/p>\n<p>Trondit\u00ebse ngjarja e r\u00ebnd\u00eb kriminale n\u00eb Gjykat\u00ebn e Apelit, ku mbeti i vrar\u00eb gjyqtari Astrit Kalaja. Ky akt i pashoq \u00ebsht\u00eb prej atyre q\u00eb t\u00eb l\u00ebn\u00eb pa fjal\u00eb.<\/p>\n<p>Duke i shprehur ngush\u00ebllimet m\u00eb t\u00eb sinqerta familjes, komunitetit t\u00eb gjyqtar\u00ebve dhe profesionist\u00ebve t\u00eb drejt\u00ebsis\u00eb, apeloj q\u00eb autori i k\u00ebtij akti shokues t\u00eb marr\u00eb d\u00ebnimin maksimal t\u00eb parashikuar nga ligji.<\/p>\n<p>Sot \u00ebsht\u00eb dita p\u00ebr t\u00eb theksuar me z\u00eb t\u00eb lart\u00eb q\u00eb vet\u00ebgjyq\u00ebsia ndaj vendimeve gjyq\u00ebsore, q\u00eb ka nisur nga sulmet e hapura t\u00eb Kryeministrit ndaj gjyqtar\u00ebve\/prokuror\u00ebve p\u00ebr vendimet q\u00eb nuk i p\u00eblqejn\u00eb, nuk ka vend n\u00eb nj\u00eb shoq\u00ebri demokratike. Nxitja p\u00ebr vet\u00ebgjyq\u00ebsi \u00ebsht\u00eb po aq e d\u00ebnueshme sa edhe vrasja e nj\u00eb gjyqtari n\u00eb krye t\u00eb detyr\u00ebs.<\/p>\n<p>Ky \u00ebsht\u00eb rasti i par\u00eb n\u00eb historin\u00eb e 35 viteve ku nj\u00eb gjyqtar q\u00ebllohet n\u00eb krye t\u00eb detyr\u00ebs vet\u00ebm se guxon t\u00eb jap vendim sipas bindjes s\u00eb tij dhe ligjit, p\u00ebr pasoj\u00eb sot \u00ebsht\u00eb dita p\u00ebr nj\u00eb reflektim t\u00eb thell\u00eb nga e gjith\u00eb shoq\u00ebria shqiptare.<\/p>\n<p>Kjo \u00ebsht\u00eb ngjarja m\u00eb e r\u00ebnd\u00eb n\u00eb 35 vite demokraci. Ministri i Drejt\u00ebsis\u00eb Besfort Lamallari dhe Ministri i Brendsh\u00ebm Albana Ko\u00e7iu q\u00eb jan\u00eb titullar\u00ebt e institucioneve q\u00eb duhet t\u00eb garantojn\u00eb sigurin\u00eb n\u00eb gjykata duhet t\u00eb japin urgjentisht dor\u00ebheqjen, si akt p\u00ebrgjegjshm\u00ebrie p\u00ebr d\u00ebshtimin n\u00eb garantimin e siguris\u00eb s\u00eb profesionist\u00ebve t\u00eb drejt\u00ebsis\u00eb n\u00eb vendin e tyre t\u00eb pun\u00ebs.<\/p>\n<p>Nj\u00eb gjyqtar\/prokuror n\u00eb detyr\u00eb nuk mund t\u00eb c\u00ebnohet p\u00ebr shkak t\u00eb ushtrimit t\u00eb detyr\u00ebs. Kjo do pamund\u00ebsonte ushtrimin e lir\u00eb dhe pa frik\u00eb prej tyre t\u00eb detyr\u00ebs s\u00eb shenjt\u00eb t\u00eb dh\u00ebnies s\u00eb drejt\u00ebsis\u00eb.<\/p>\n<p>T\u00eb b\u00ebhemi t\u00eb gjith\u00eb bashk\u00eb p\u00ebr t\u00eb nd\u00ebshkuar maksimalisht k\u00ebt\u00eb akt t\u00eb r\u00ebnd\u00eb q\u00eb ky akt i paprecedent\u00eb t\u00eb mos kthehet n\u00eb normalitet.<\/p>\n","protected":false},"excerpt":{"rendered":"<p>Gazment BARDHI Trondit\u00ebse ngjarja e r\u00ebnd\u00eb kriminale n\u00eb Gjykat\u00ebn e Apelit, ku mbeti i vrar\u00eb gjyqtari Astrit Kalaja. Ky akt i pashoq \u00ebsht\u00eb prej atyre q\u00eb t\u00eb l\u00ebn\u00eb pa fjal\u00eb. Duke i shprehur ngush\u00ebllimet m\u00eb t\u00eb sinqerta familjes, komunitetit t\u00eb gjyqtar\u00ebve dhe profesionist\u00ebve t\u00eb drejt\u00ebsis\u00eb, apeloj q\u00eb autori i k\u00ebtij akti shokues t\u00eb marr\u00eb d\u00ebnimin &hellip;<\/p>\n","protected":false},"author":3,"featured_media":124997,"comment_status":"closed","ping_status":"closed","sticky":false,"template":"","format":"standard","meta":{"footnotes":""},"categories":[37],"tags":[],"class_list":["post-124996","post","type-post","status-publish","format-standard","has-post-thumbnail","","category-politike"],"_links":{"self":[{"href":"https:\/\/rdnews.al\/index.php\/wp-json\/wp\/v2\/posts\/124996","targetHints":{"allow":["GET"]}}],"collection":[{"href":"https:\/\/rdnews.al\/index.php\/wp-json\/wp\/v2\/posts"}],"about":[{"href":"https:\/\/rdnews.al\/index.php\/wp-json\/wp\/v2\/types\/post"}],"author":[{"embeddable":true,"href":"https:\/\/rdnews.al\/index.php\/wp-json\/wp\/v2\/users\/3"}],"replies":[{"embeddable":true,"href":"https:\/\/rdnews.al\/index.php\/wp-json\/wp\/v2\/comments?post=124996"}],"version-history":[{"count":1,"href":"https:\/\/rdnews.al\/index.php\/wp-json\/wp\/v2\/posts\/124996\/revisions"}],"predecessor-version":[{"id":124998,"href":"https:\/\/rdnews.al\/index.php\/wp-json\/wp\/v2\/posts\/124996\/revisions\/124998"}],"wp:featuredmedia":[{"embeddable":true,"href":"https:\/\/rdnews.al\/index.php\/wp-json\/wp\/v2\/media\/124997"}],"wp:attachment":[{"href":"https:\/\/rdnews.al\/index.php\/wp-json\/wp\/v2\/media?parent=124996"}],"wp:term":[{"taxonomy":"category","embeddable":true,"href":"https:\/\/rdnews.al\/index.php\/wp-json\/wp\/v2\/categories?post=124996"},{"taxonomy":"post_tag","embeddable":true,"href":"https:\/\/rdnews.al\/index.php\/wp-json\/wp\/v2\/tags?post=124996"}],"curies":[{"name":"wp","href":"https:\/\/api.w.org\/{rel}","templated":true}]}}