{"id":124999,"date":"2025-10-06T15:21:18","date_gmt":"2025-10-06T15:21:18","guid":{"rendered":"https:\/\/rdnews.al\/?p=124999"},"modified":"2025-10-06T15:21:18","modified_gmt":"2025-10-06T15:21:18","slug":"berisha-denon-vrasjen-e-gjyqtarit-kerkoj-denimin-me-te-rrepte-ligjor-per-ekzekutorin","status":"publish","type":"post","link":"https:\/\/rdnews.al\/index.php\/2025\/10\/06\/berisha-denon-vrasjen-e-gjyqtarit-kerkoj-denimin-me-te-rrepte-ligjor-per-ekzekutorin\/","title":{"rendered":"Berisha d\u00ebnon vrasjen e gjyqtarit\/ K\u00ebrkoj d\u00ebnimin m\u00eb t\u00eb rrept\u00eb ligjor p\u00ebr ekzekutorin"},"content":{"rendered":"<p><strong>Sali BERISHA<\/strong><\/p>\n<p>Ekzekutohet me arm\u00eb zjarri gjyqtari i Apelit Astrit Kalaja.<br \/>\nMediat njoftojn\u00eb se nj\u00eb person i armatosur ka q\u00eblluar me arm\u00eb zjarri sallen e gjyqit, n\u00eb detyr\u00eb, gjyqtarin e Apelit Astrit Kalaja, i cili humbi jet\u00ebn nga plag\u00ebt brenda pak kohe.<br \/>\nDuke i shprehur ngush\u00ebllimet m\u00eb t\u00eb ndjera familjes, miqve dhe t\u00eb af\u00ebrmve t\u00eb gjyqtarit t\u00eb ndjer\u00eb Kalaja, d\u00ebnoj me forc\u00ebn m\u00eb t\u00eb madhe aktin e sh\u00ebmtuar dhe kriminal ndaj gjyqtarit n\u00eb sallen e gjyqit , d\u00ebshmi e kontrollit t\u00eb rendit nga krimi dhe pasiguris\u00eb s\u00eb madhe q\u00eb ekziston sot n\u00eb vend.<br \/>\nK\u00ebrkoj d\u00ebnimin m\u00eb t\u00eb rrept\u00eb ligjor p\u00ebr ekzekutorin dhe porosit\u00ebsit e k\u00ebtij krimi shum\u00eb t\u00eb r\u00ebnd\u00eb.<\/p>\n","protected":false},"excerpt":{"rendered":"<p>Sali BERISHA Ekzekutohet me arm\u00eb zjarri gjyqtari i Apelit Astrit Kalaja. Mediat njoftojn\u00eb se nj\u00eb person i armatosur ka q\u00eblluar me arm\u00eb zjarri sallen e gjyqit, n\u00eb detyr\u00eb, gjyqtarin e Apelit Astrit Kalaja, i cili humbi jet\u00ebn nga plag\u00ebt brenda pak kohe. Duke i shprehur ngush\u00ebllimet m\u00eb t\u00eb ndjera familjes, miqve dhe t\u00eb af\u00ebrmve t\u00eb &hellip;<\/p>\n","protected":false},"author":3,"featured_media":123088,"comment_status":"closed","ping_status":"closed","sticky":false,"template":"","format":"standard","meta":{"footnotes":""},"categories":[37],"tags":[],"class_list":["post-124999","post","type-post","status-publish","format-standard","has-post-thumbnail","","category-politike"],"_links":{"self":[{"href":"https:\/\/rdnews.al\/index.php\/wp-json\/wp\/v2\/posts\/124999","targetHints":{"allow":["GET"]}}],"collection":[{"href":"https:\/\/rdnews.al\/index.php\/wp-json\/wp\/v2\/posts"}],"about":[{"href":"https:\/\/rdnews.al\/index.php\/wp-json\/wp\/v2\/types\/post"}],"author":[{"embeddable":true,"href":"https:\/\/rdnews.al\/index.php\/wp-json\/wp\/v2\/users\/3"}],"replies":[{"embeddable":true,"href":"https:\/\/rdnews.al\/index.php\/wp-json\/wp\/v2\/comments?post=124999"}],"version-history":[{"count":1,"href":"https:\/\/rdnews.al\/index.php\/wp-json\/wp\/v2\/posts\/124999\/revisions"}],"predecessor-version":[{"id":125000,"href":"https:\/\/rdnews.al\/index.php\/wp-json\/wp\/v2\/posts\/124999\/revisions\/125000"}],"wp:featuredmedia":[{"embeddable":true,"href":"https:\/\/rdnews.al\/index.php\/wp-json\/wp\/v2\/media\/123088"}],"wp:attachment":[{"href":"https:\/\/rdnews.al\/index.php\/wp-json\/wp\/v2\/media?parent=124999"}],"wp:term":[{"taxonomy":"category","embeddable":true,"href":"https:\/\/rdnews.al\/index.php\/wp-json\/wp\/v2\/categories?post=124999"},{"taxonomy":"post_tag","embeddable":true,"href":"https:\/\/rdnews.al\/index.php\/wp-json\/wp\/v2\/tags?post=124999"}],"curies":[{"name":"wp","href":"https:\/\/api.w.org\/{rel}","templated":true}]}}