{"id":125012,"date":"2025-10-06T15:54:28","date_gmt":"2025-10-06T15:54:28","guid":{"rendered":"https:\/\/rdnews.al\/?p=125012"},"modified":"2025-10-06T15:54:28","modified_gmt":"2025-10-06T15:54:28","slug":"vrasja-e-gjyqtarit-reagon-osbe-nje-kercenim-i-drejtperdrejte-ndaj-shtetit-te-se-drejtes","status":"publish","type":"post","link":"https:\/\/rdnews.al\/index.php\/2025\/10\/06\/vrasja-e-gjyqtarit-reagon-osbe-nje-kercenim-i-drejtperdrejte-ndaj-shtetit-te-se-drejtes\/","title":{"rendered":"Vrasja e gjyqtarit, reagon OSBE: Nj\u00eb k\u00ebrc\u00ebnim i drejtp\u00ebrdrejt\u00eb ndaj shtetit t\u00eb s\u00eb drejt\u00ebs!"},"content":{"rendered":"<p class=\"TableParagraph\">Prezenca e OSBE-s\u00eb n\u00eb Shqip\u00ebri ka reaguar pas vrasjes s\u00eb gjyqtarit Astrit Kalaja brenda sall\u00ebs s\u00eb Gjykat\u00ebs s\u00eb Apelit n\u00eb Tiran\u00eb, duke e cil\u00ebsuar ngjarjen si nj\u00eb sulm t\u00eb drejtp\u00ebrdrejt\u00eb ndaj shtetit t\u00eb s\u00eb drejt\u00ebs dhe institucioneve demokratike.<\/p>\n<p class=\"TableParagraph\">N\u00eb nj\u00eb njoftim zyrtar, OSBE shprehet e tronditur dhe e hidh\u00ebruar nga ngjarja, q\u00eb mori jet\u00ebn e gjyqtarit Kalaja dhe plagosi dy persona t\u00eb tjer\u00eb.<\/p>\n<p class=\"TableParagraph\">Organizata i uroi sh\u00ebrim t\u00eb shpejt\u00eb t\u00eb t\u00eb plagosurve dhe shprehu ngush\u00ebllimet p\u00ebr familjen dhe koleg\u00ebt e gjyqtarit.<\/p>\n<p class=\"TableParagraph\">\u201cN\u00eb sulmet kund\u00ebr gjyqtar\u00ebve shohim nj\u00eb k\u00ebrc\u00ebnim t\u00eb drejtp\u00ebrdrejt\u00eb ndaj shtetit t\u00eb s\u00eb drejt\u00ebs dhe institucioneve demokratike.<\/p>\n<p class=\"TableParagraph\">Mir\u00ebpresim arrestimin e autorit dhe theksojm\u00eb r\u00ebnd\u00ebsin\u00eb e garantimit t\u00eb drejt\u00ebsis\u00eb p\u00ebrmes nj\u00eb procesi ligjor t\u00eb plot\u00eb e t\u00eb shpejt\u00eb,\u201d thuhet n\u00eb deklarat\u00eb.<\/p>\n","protected":false},"excerpt":{"rendered":"<p>Prezenca e OSBE-s\u00eb n\u00eb Shqip\u00ebri ka reaguar pas vrasjes s\u00eb gjyqtarit Astrit Kalaja brenda sall\u00ebs s\u00eb Gjykat\u00ebs s\u00eb Apelit n\u00eb Tiran\u00eb, duke e cil\u00ebsuar ngjarjen si nj\u00eb sulm t\u00eb drejtp\u00ebrdrejt\u00eb ndaj shtetit t\u00eb s\u00eb drejt\u00ebs dhe institucioneve demokratike. N\u00eb nj\u00eb njoftim zyrtar, OSBE shprehet e tronditur dhe e hidh\u00ebruar nga ngjarja, q\u00eb mori jet\u00ebn e &hellip;<\/p>\n","protected":false},"author":4,"featured_media":124988,"comment_status":"closed","ping_status":"closed","sticky":false,"template":"","format":"standard","meta":{"footnotes":""},"categories":[37],"tags":[],"class_list":["post-125012","post","type-post","status-publish","format-standard","has-post-thumbnail","","category-politike"],"_links":{"self":[{"href":"https:\/\/rdnews.al\/index.php\/wp-json\/wp\/v2\/posts\/125012","targetHints":{"allow":["GET"]}}],"collection":[{"href":"https:\/\/rdnews.al\/index.php\/wp-json\/wp\/v2\/posts"}],"about":[{"href":"https:\/\/rdnews.al\/index.php\/wp-json\/wp\/v2\/types\/post"}],"author":[{"embeddable":true,"href":"https:\/\/rdnews.al\/index.php\/wp-json\/wp\/v2\/users\/4"}],"replies":[{"embeddable":true,"href":"https:\/\/rdnews.al\/index.php\/wp-json\/wp\/v2\/comments?post=125012"}],"version-history":[{"count":1,"href":"https:\/\/rdnews.al\/index.php\/wp-json\/wp\/v2\/posts\/125012\/revisions"}],"predecessor-version":[{"id":125013,"href":"https:\/\/rdnews.al\/index.php\/wp-json\/wp\/v2\/posts\/125012\/revisions\/125013"}],"wp:featuredmedia":[{"embeddable":true,"href":"https:\/\/rdnews.al\/index.php\/wp-json\/wp\/v2\/media\/124988"}],"wp:attachment":[{"href":"https:\/\/rdnews.al\/index.php\/wp-json\/wp\/v2\/media?parent=125012"}],"wp:term":[{"taxonomy":"category","embeddable":true,"href":"https:\/\/rdnews.al\/index.php\/wp-json\/wp\/v2\/categories?post=125012"},{"taxonomy":"post_tag","embeddable":true,"href":"https:\/\/rdnews.al\/index.php\/wp-json\/wp\/v2\/tags?post=125012"}],"curies":[{"name":"wp","href":"https:\/\/api.w.org\/{rel}","templated":true}]}}