{"id":125019,"date":"2025-10-06T17:18:13","date_gmt":"2025-10-06T17:18:13","guid":{"rendered":"https:\/\/rdnews.al\/?p=125019"},"modified":"2025-10-06T17:18:13","modified_gmt":"2025-10-06T17:18:13","slug":"be-jemi-te-tronditur-nga-akti-i-dhunes-qe-coi-ne-vrasjen-e-gjyqtarit-astrit-kalaja","status":"publish","type":"post","link":"https:\/\/rdnews.al\/index.php\/2025\/10\/06\/be-jemi-te-tronditur-nga-akti-i-dhunes-qe-coi-ne-vrasjen-e-gjyqtarit-astrit-kalaja\/","title":{"rendered":"BE: Jemi t\u00eb tronditur nga akti i dhun\u00ebs q\u00eb \u00e7oi n\u00eb vrasjen e gjyqtarit Astrit Kalaja"},"content":{"rendered":"<p>Misioni i Bashkimit Europian p\u00ebr Sundimin e Ligjit n\u00eb Shqip\u00ebri (EUDEL) ka reaguar pas vrasjes s\u00eb gjyqtarit t\u00eb Gjykat\u00ebs s\u00eb Apelit, Astrit Kalaja, dhe plagosjes s\u00eb dy qytetar\u00ebve t\u00eb tjer\u00eb.<\/p>\n<p>N\u00eb nj\u00eb deklarat\u00eb zyrtare, EUDEL shpreh tronditjen e thell\u00eb dhe ngush\u00ebllimet m\u00eb t\u00eb sinqerta p\u00ebr familjen e t\u00eb ndjerit Kalaja. Delegacioni i BE-s\u00eb d\u00ebnon fuqimisht k\u00ebt\u00eb akt kriminal dhe thekson nevoj\u00ebn urgjente p\u00ebr rritjen e siguris\u00eb s\u00eb gjyqtar\u00ebve dhe prokuror\u00ebve n\u00eb Shqip\u00ebri.<\/p>\n<p><strong>Reagimi i Delegacionit t\u00eb BE<\/strong><\/p>\n<p>EUDEL \u00ebsht\u00eb i tronditur nga akti i dhun\u00ebs q\u00eb \u00e7oi n\u00eb vrasjen e gjyqtarit Astrit Kalaja dhe plagosjen e dy qytetar\u00ebve shqiptar\u00eb.<\/p>\n<p>Ne d\u00ebnojm\u00eb fuqimisht k\u00ebt\u00eb akt kriminal.<\/p>\n<p>I shprehim ngush\u00ebllimet m\u00eb t\u00eb thella familjes s\u00eb gjyqtarit Kalaja.<\/p>\n<p>Kjo tragjedi thekson nevoj\u00ebn urgjente q\u00eb Shqip\u00ebria t\u00eb rris\u00eb sigurin\u00eb e gjyqtar\u00ebve dhe prokuror\u00ebve dhe t\u00eb marr\u00eb t\u00eb gjitha masat e nevojshme p\u00ebr t\u00eb garantuar sigurin\u00eb n\u00eb sallat e gjyqit.<\/p>\n<p>BE q\u00ebndron e pal\u00ebkundur n\u00eb mb\u00ebshtetjen e reform\u00ebs n\u00eb drejt\u00ebsi dhe n\u00eb mbrojtjen e sundimit t\u00eb ligjit n\u00eb vend.<\/p>\n","protected":false},"excerpt":{"rendered":"<p>Misioni i Bashkimit Europian p\u00ebr Sundimin e Ligjit n\u00eb Shqip\u00ebri (EUDEL) ka reaguar pas vrasjes s\u00eb gjyqtarit t\u00eb Gjykat\u00ebs s\u00eb Apelit, Astrit Kalaja, dhe plagosjes s\u00eb dy qytetar\u00ebve t\u00eb tjer\u00eb. N\u00eb nj\u00eb deklarat\u00eb zyrtare, EUDEL shpreh tronditjen e thell\u00eb dhe ngush\u00ebllimet m\u00eb t\u00eb sinqerta p\u00ebr familjen e t\u00eb ndjerit Kalaja. Delegacioni i BE-s\u00eb d\u00ebnon fuqimisht &hellip;<\/p>\n","protected":false},"author":4,"featured_media":124988,"comment_status":"closed","ping_status":"closed","sticky":false,"template":"","format":"standard","meta":{"footnotes":""},"categories":[37],"tags":[],"class_list":["post-125019","post","type-post","status-publish","format-standard","has-post-thumbnail","","category-politike"],"_links":{"self":[{"href":"https:\/\/rdnews.al\/index.php\/wp-json\/wp\/v2\/posts\/125019","targetHints":{"allow":["GET"]}}],"collection":[{"href":"https:\/\/rdnews.al\/index.php\/wp-json\/wp\/v2\/posts"}],"about":[{"href":"https:\/\/rdnews.al\/index.php\/wp-json\/wp\/v2\/types\/post"}],"author":[{"embeddable":true,"href":"https:\/\/rdnews.al\/index.php\/wp-json\/wp\/v2\/users\/4"}],"replies":[{"embeddable":true,"href":"https:\/\/rdnews.al\/index.php\/wp-json\/wp\/v2\/comments?post=125019"}],"version-history":[{"count":1,"href":"https:\/\/rdnews.al\/index.php\/wp-json\/wp\/v2\/posts\/125019\/revisions"}],"predecessor-version":[{"id":125020,"href":"https:\/\/rdnews.al\/index.php\/wp-json\/wp\/v2\/posts\/125019\/revisions\/125020"}],"wp:featuredmedia":[{"embeddable":true,"href":"https:\/\/rdnews.al\/index.php\/wp-json\/wp\/v2\/media\/124988"}],"wp:attachment":[{"href":"https:\/\/rdnews.al\/index.php\/wp-json\/wp\/v2\/media?parent=125019"}],"wp:term":[{"taxonomy":"category","embeddable":true,"href":"https:\/\/rdnews.al\/index.php\/wp-json\/wp\/v2\/categories?post=125019"},{"taxonomy":"post_tag","embeddable":true,"href":"https:\/\/rdnews.al\/index.php\/wp-json\/wp\/v2\/tags?post=125019"}],"curies":[{"name":"wp","href":"https:\/\/api.w.org\/{rel}","templated":true}]}}