{"id":125021,"date":"2025-10-06T17:23:27","date_gmt":"2025-10-06T17:23:27","guid":{"rendered":"https:\/\/rdnews.al\/?p=125021"},"modified":"2025-10-06T17:23:27","modified_gmt":"2025-10-06T17:23:27","slug":"ky-eshte-autori-i-vrasjes-se-gjyqtarit-astrit-kalaja-brenda-salles-se-gjyqit","status":"publish","type":"post","link":"https:\/\/rdnews.al\/index.php\/2025\/10\/06\/ky-eshte-autori-i-vrasjes-se-gjyqtarit-astrit-kalaja-brenda-salles-se-gjyqit\/","title":{"rendered":"Ky \u00ebsht\u00eb autori i vrasjes s\u00eb gjyqtarit Astrit Kalaja brenda sall\u00ebs s\u00eb gjyqit"},"content":{"rendered":"<p>Personi q\u00eb shihni n\u00eb foton e m\u00ebsip\u00ebrme \u00ebsht\u00eb 30-vje\u00e7ari Elvis Shkambi nga Shkodra, autori i vrasjes s\u00eb gjyqtarit Astrit Kalaja brenda sall\u00ebs s\u00eb gjyqit n\u00eb Gjykat\u00ebn e P\u00ebrgjithshme t\u00eb Apelit.<\/p>\n<p>Ai q\u00eblloi me 3 plumba drejt gjyqtarit, dy prej tyre n\u00eb gjoks dhe nj\u00eb nj\u00eb bark, nd\u00ebrsa magjistrati nd\u00ebrroi jet\u00eb rrug\u00ebs p\u00ebr n\u00eb Spitalin e Traum\u00ebs, ku dhe u konstatua vdekja e tij.<\/p>\n<p>Si pasoj\u00eb e t\u00eb sht\u00ebnave mbet\u00ebn t\u00eb plagosur edhe bab\u00eb e bir, Rakip dhe Ervis Kurtaj, pal\u00eb kund\u00ebrshtare n\u00eb gjyq me Shkambin. Nj\u00ebri prej tyre, i \u00ebsht\u00eb n\u00ebnshtruar nj\u00eb operacioni, por m\u00ebsohet se ndodhen jasht\u00eb rrezikut p\u00ebr jet\u00ebn<\/p>\n<p>Elvis Shkambi kreu krimin, pasi xhaxhai i tij Gjon Shkambi humbi gjyqin p\u00ebr nj\u00eb godin\u00eb n\u00eb lagjen \u201cSk\u00ebnderbeg\u201d t\u00eb Shkodr\u00ebs, ku jan\u00eb t\u00eb strehuar 31 familje.<\/p>\n<p>Familja Shkambi pretendon pron\u00ebsin\u00eb mbi at\u00eb godin\u00eb, teksa gjyqi i sot\u00ebm kishte t\u00eb b\u00ebnte me nj\u00eb seanc\u00eb p\u00ebr masat administrative t\u00eb vendosura nga p\u00ebrmbaruesi, ku 31 familjet duhet t\u00eb paguanin nga 500 mij\u00eb lek\u00eb t\u00eb vjetra p\u00ebr shkak se nuk kishin liruar godin\u00ebn, por kan\u00eb arritur ta fitojn\u00eb gjyqin edhe n\u00eb shkall\u00ebn e dyt\u00eb t\u00eb gjyq\u00ebsorit.<\/p>\n<p><strong>Konflikti p\u00ebr \u00e7\u00ebshtjen e pron\u00ebsis\u00eb<\/strong><\/p>\n<p>Konflikti p\u00ebr pron\u00ebn zvarritet gjyqeve prej disa vitesh tashm\u00eb, madje\u00a0Gjon Shkambi e kishte denoncuar historin\u00eb edhe n\u00ebp\u00ebr media.\u00a0Sipas pretendimit t\u00eb xhaxhait t\u00eb tij, Gjon Shkambit,\u00a0ai thoshte se kishte fituar n\u00eb Shkall\u00ebn e Par\u00eb, nd\u00ebrsa Apeli ia ka kthyer p\u00ebr rigjykim, pasi n\u00eb dosje i mungonin dy proces-verbale dhe akti i ekspertimit.<\/p>\n<p>Ai pretendon se pala tjet\u00ebr me dokumente t\u00eb falsifikuara vazhdon t\u00eb q\u00ebndroj\u00eb n\u00eb nd\u00ebrtes\u00ebn\u00a0e Gjonit.<\/p>\n<p>Prona p\u00ebr t\u00eb cil\u00ebn b\u00ebhet fjal\u00eb \u00ebsht\u00eb Shkolla e Rezervave n\u00eb Shkod\u00ebr, pron\u00ebsin\u00eb e t\u00eb cil\u00ebs e pretendon familja Shkambi. N\u00eb at\u00eb godin\u00eb banojn\u00eb edhe 31 familje t\u00eb tjera, t\u00eb cilat Gjon Shkambi (xhaxhai i autorit t\u00eb vrasjes s\u00eb gjyqtarit) k\u00ebrkonte t\u00eb nxirreshin jasht\u00eb, sepse sipas tij, q\u00ebndronin aty pa t\u00eb drejt\u00eb, e kishin zaptuar dhe shfryt\u00ebzonin pron\u00ebn e tij.<\/p>\n<p>N\u00eb vitin 1992, 31 familjet familje me vendim t\u00eb Bashkis\u00eb s\u00eb Shkodr\u00ebs u vendos\u00ebn n\u00eb godin\u00ebn e ish-Shkoll\u00ebs s\u00eb Rezervave t\u00eb nd\u00ebrtimit. Banor\u00ebt pretendojn\u00eb se prona \u00ebsht\u00eb ende shtet\u00ebrore dhe se dokumentet e Gjon Shkambit jan\u00eb t\u00eb falsifikuara<\/p>\n<p>N\u00eb vitin 2020, 31 familje n\u00eb lagjen Sk\u00ebnderbeg n\u00eb Shkod\u00ebr u p\u00ebrplas\u00ebn p\u00ebr her\u00eb t\u00eb par\u00eb me zyr\u00ebn private t\u00eb p\u00ebrmbarimit. \u00a0Q\u00eb at\u00ebher\u00eb, \u00e7\u00ebshtja \u00ebsht\u00eb zvarritur n\u00eb dyert e institucioneve dhe t\u00eb drejt\u00ebsis\u00eb. N\u00eb at\u00eb koh\u00eb doli nj\u00eb pronar. Gjon Shkambi pretendoi t\u00eb ishte pronar i godin\u00ebs dhe tentoi t\u00eb futej n\u00eb godin\u00eb. Banor\u00ebt e akuzuan n\u00eb at\u00eb koh\u00eb se ka dokumente false.<\/p>\n<p>Gjyqi p\u00ebr pron\u00ebn mendohet t\u00eb ket\u00eb qen\u00eb edhe shkak\u00a0i vrasjes s\u00eb gjyqtarit Astrit Kalaja, ku mbet\u00ebn t\u00eb plagosur edhe dy persona t\u00eb tjer\u00eb, bab\u00eb e bir,t\u00eb cil\u00ebt ishin pala tjet\u00ebr n\u00eb k\u00ebt\u00eb proces gjyq\u00ebsor p\u00ebr pron\u00ebn.<\/p>\n","protected":false},"excerpt":{"rendered":"<p>Personi q\u00eb shihni n\u00eb foton e m\u00ebsip\u00ebrme \u00ebsht\u00eb 30-vje\u00e7ari Elvis Shkambi nga Shkodra, autori i vrasjes s\u00eb gjyqtarit Astrit Kalaja brenda sall\u00ebs s\u00eb gjyqit n\u00eb Gjykat\u00ebn e P\u00ebrgjithshme t\u00eb Apelit. Ai q\u00eblloi me 3 plumba drejt gjyqtarit, dy prej tyre n\u00eb gjoks dhe nj\u00eb nj\u00eb bark, nd\u00ebrsa magjistrati nd\u00ebrroi jet\u00eb rrug\u00ebs p\u00ebr n\u00eb Spitalin e &hellip;<\/p>\n","protected":false},"author":4,"featured_media":125022,"comment_status":"closed","ping_status":"closed","sticky":false,"template":"","format":"standard","meta":{"footnotes":""},"categories":[37],"tags":[],"class_list":["post-125021","post","type-post","status-publish","format-standard","has-post-thumbnail","","category-politike"],"_links":{"self":[{"href":"https:\/\/rdnews.al\/index.php\/wp-json\/wp\/v2\/posts\/125021","targetHints":{"allow":["GET"]}}],"collection":[{"href":"https:\/\/rdnews.al\/index.php\/wp-json\/wp\/v2\/posts"}],"about":[{"href":"https:\/\/rdnews.al\/index.php\/wp-json\/wp\/v2\/types\/post"}],"author":[{"embeddable":true,"href":"https:\/\/rdnews.al\/index.php\/wp-json\/wp\/v2\/users\/4"}],"replies":[{"embeddable":true,"href":"https:\/\/rdnews.al\/index.php\/wp-json\/wp\/v2\/comments?post=125021"}],"version-history":[{"count":1,"href":"https:\/\/rdnews.al\/index.php\/wp-json\/wp\/v2\/posts\/125021\/revisions"}],"predecessor-version":[{"id":125023,"href":"https:\/\/rdnews.al\/index.php\/wp-json\/wp\/v2\/posts\/125021\/revisions\/125023"}],"wp:featuredmedia":[{"embeddable":true,"href":"https:\/\/rdnews.al\/index.php\/wp-json\/wp\/v2\/media\/125022"}],"wp:attachment":[{"href":"https:\/\/rdnews.al\/index.php\/wp-json\/wp\/v2\/media?parent=125021"}],"wp:term":[{"taxonomy":"category","embeddable":true,"href":"https:\/\/rdnews.al\/index.php\/wp-json\/wp\/v2\/categories?post=125021"},{"taxonomy":"post_tag","embeddable":true,"href":"https:\/\/rdnews.al\/index.php\/wp-json\/wp\/v2\/tags?post=125021"}],"curies":[{"name":"wp","href":"https:\/\/api.w.org\/{rel}","templated":true}]}}