{"id":125024,"date":"2025-10-06T18:29:59","date_gmt":"2025-10-06T18:29:59","guid":{"rendered":"https:\/\/rdnews.al\/?p=125024"},"modified":"2025-10-06T18:30:47","modified_gmt":"2025-10-06T18:30:47","slug":"mediat-nderkombetare-asqyrojne-vrasjen-e-gjyqtarit-kalaja-tronditje-ne-shqiperi","status":"publish","type":"post","link":"https:\/\/rdnews.al\/index.php\/2025\/10\/06\/mediat-nderkombetare-asqyrojne-vrasjen-e-gjyqtarit-kalaja-tronditje-ne-shqiperi\/","title":{"rendered":"Tronditje n\u00eb Shqip\u00ebri! Mediat nd\u00ebrkomb\u00ebtare pasqyrojn\u00eb vrasjen e gjyqtarit Kalaja"},"content":{"rendered":"<p>Ngjarja e r\u00ebnd\u00eb e pasdites s\u00eb sotme n\u00eb sall\u00ebn e Gjykat\u00ebs s\u00eb Apelit n\u00eb Tiran\u00eb, ku gjyqtari Astrit Kalaja u q\u00ebllua p\u00ebr vdekje dhe mbet\u00ebn t\u00eb plagosur dy persona t\u00eb tjer\u00eb, ka t\u00ebrhequr v\u00ebmendjen e mediave nd\u00ebrkomb\u00ebtare.<\/p>\n<p>Sipas raportimeve, autori, 30-vje\u00e7ari Elvis Shk\u00ebmbi, kishte nj\u00eb \u00e7\u00ebshtje pron\u00ebsie n\u00eb proces me gjyqtarin dhe pal\u00ebt e tjera t\u00eb p\u00ebrfshira. Pas sulmit, autori u largua, por u arrestua nga policia jasht\u00eb godin\u00ebs s\u00eb gjykat\u00ebs.<\/p>\n<p>Mediat nd\u00ebrkomb\u00ebtare, p\u00ebrfshir\u00eb The Guardian, Associated Press dhe Balkan Insight, kan\u00eb cil\u00ebsuar ngjarjen si jasht\u00ebzakonisht t\u00eb r\u00ebnd\u00eb dhe kan\u00eb raportuar mbi rrethanat e krimit dhe arrestimin e autorit.<\/p>\n<p><img decoding=\"async\" src=\"https:\/\/cdnimpuls.com\/dosja.al\/media3\/-640-0-1759771300xppng-514.png\" alt=\"Vrasja makab\u00ebr e Astrit Kalas\u00eb, mediat nd\u00ebrkomb\u00ebtare: Vritet\" data-pin-no-hover=\"true\" \/><\/p>\n<p>The Guardian shkruan se gjyqtari u q\u00ebllua brenda sall\u00ebs s\u00eb gjyqit dhe vdiq gjat\u00eb transportimit p\u00ebr n\u00eb spital, nd\u00ebrsa AP n\u00ebnvizon se sulmi ndodhi gjat\u00eb nj\u00eb seance gjyq\u00ebsore dhe autorit iu b\u00eb arrestimi i menj\u00ebhersh\u00ebm. Balkan Insight thekson reagimet e tronditura t\u00eb udh\u00ebheq\u00ebsve politik\u00eb n\u00eb Shqip\u00ebri pas krimit.<\/p>\n<div class=\"jeg_ad jeg_ad_article jnews_content_inline_2_ads \">\n<div class=\"ads-wrapper align-center \"><\/div>\n<\/div>\n<p><img decoding=\"async\" src=\"https:\/\/cdnimpuls.com\/dosja.al\/media3\/-640-0-1759771303xopng-636.png\" alt=\"Vrasja makab\u00ebr e Astrit Kalas\u00eb, mediat nd\u00ebrkomb\u00ebtare: Vritet\" data-pin-no-hover=\"true\" \/><\/p>\n<div class=\"jeg_ad jeg_ad_article jnews_content_inline_3_ads \">\n<div class=\"ads-wrapper align-center \">\n<div class=\"ads_code\">\n<div class=\"desktopi\" align=\"center\">\n<p>&nbsp;<\/p>\n<div id=\"beacon_0678006d29\"><img loading=\"lazy\" decoding=\"async\" src=\"https:\/\/ads.adsense.al\/www\/delivery\/lg.php?bannerid=0&amp;campaignid=0&amp;zoneid=138&amp;loc=https%3A%2F%2Fboldnews.al%2F2025%2F10%2F06%2Fvrasja-e-gjyqtarit-kalaja-pasqyrohet-nga-mediat-nderkombetare-tronditje-ne-shqiperi%2F&amp;referer=https%3A%2F%2Fboldnews.al%2Fcategory%2Faktualitet%2F&amp;cb=0678006d29\" alt=\"\" width=\"0\" height=\"0\" \/><\/div>\n<p>&nbsp;<\/p>\n<\/div>\n<\/div>\n<\/div>\n<\/div>\n","protected":false},"excerpt":{"rendered":"<p>Ngjarja e r\u00ebnd\u00eb e pasdites s\u00eb sotme n\u00eb sall\u00ebn e Gjykat\u00ebs s\u00eb Apelit n\u00eb Tiran\u00eb, ku gjyqtari Astrit Kalaja u q\u00ebllua p\u00ebr vdekje dhe mbet\u00ebn t\u00eb plagosur dy persona t\u00eb tjer\u00eb, ka t\u00ebrhequr v\u00ebmendjen e mediave nd\u00ebrkomb\u00ebtare. Sipas raportimeve, autori, 30-vje\u00e7ari Elvis Shk\u00ebmbi, kishte nj\u00eb \u00e7\u00ebshtje pron\u00ebsie n\u00eb proces me gjyqtarin dhe pal\u00ebt e tjera &hellip;<\/p>\n","protected":false},"author":4,"featured_media":125025,"comment_status":"closed","ping_status":"closed","sticky":false,"template":"","format":"standard","meta":{"footnotes":""},"categories":[37],"tags":[],"class_list":["post-125024","post","type-post","status-publish","format-standard","has-post-thumbnail","","category-politike"],"_links":{"self":[{"href":"https:\/\/rdnews.al\/index.php\/wp-json\/wp\/v2\/posts\/125024","targetHints":{"allow":["GET"]}}],"collection":[{"href":"https:\/\/rdnews.al\/index.php\/wp-json\/wp\/v2\/posts"}],"about":[{"href":"https:\/\/rdnews.al\/index.php\/wp-json\/wp\/v2\/types\/post"}],"author":[{"embeddable":true,"href":"https:\/\/rdnews.al\/index.php\/wp-json\/wp\/v2\/users\/4"}],"replies":[{"embeddable":true,"href":"https:\/\/rdnews.al\/index.php\/wp-json\/wp\/v2\/comments?post=125024"}],"version-history":[{"count":2,"href":"https:\/\/rdnews.al\/index.php\/wp-json\/wp\/v2\/posts\/125024\/revisions"}],"predecessor-version":[{"id":125027,"href":"https:\/\/rdnews.al\/index.php\/wp-json\/wp\/v2\/posts\/125024\/revisions\/125027"}],"wp:featuredmedia":[{"embeddable":true,"href":"https:\/\/rdnews.al\/index.php\/wp-json\/wp\/v2\/media\/125025"}],"wp:attachment":[{"href":"https:\/\/rdnews.al\/index.php\/wp-json\/wp\/v2\/media?parent=125024"}],"wp:term":[{"taxonomy":"category","embeddable":true,"href":"https:\/\/rdnews.al\/index.php\/wp-json\/wp\/v2\/categories?post=125024"},{"taxonomy":"post_tag","embeddable":true,"href":"https:\/\/rdnews.al\/index.php\/wp-json\/wp\/v2\/tags?post=125024"}],"curies":[{"name":"wp","href":"https:\/\/api.w.org\/{rel}","templated":true}]}}