{"id":125031,"date":"2025-10-06T20:06:42","date_gmt":"2025-10-06T20:06:42","guid":{"rendered":"https:\/\/rdnews.al\/?p=125031"},"modified":"2025-10-06T20:06:42","modified_gmt":"2025-10-06T20:06:42","slug":"gazetarja-edhe-ne-palermo-gjyqtari-nuk-eshte-vrare-ne-sallen-e-gjyqit","status":"publish","type":"post","link":"https:\/\/rdnews.al\/index.php\/2025\/10\/06\/gazetarja-edhe-ne-palermo-gjyqtari-nuk-eshte-vrare-ne-sallen-e-gjyqit\/","title":{"rendered":"Gazetarja: Edhe n\u00eb Palermo gjyqtari nuk \u00ebsht\u00eb vrar\u00eb n\u00eb sall\u00ebn e gjyqit!\u00a0"},"content":{"rendered":"<p>Gazetarja Klodiana Lala, teksa ka komentuar n\u00eb emisionin \u201cLog\u201d ngjarjen e r\u00ebnd\u00eb n\u00eb Gjykat\u00ebn e Apelit dit\u00ebn e sotme, ku u vra n\u00eb sall\u00ebn e gjyqit gjyqtari Astrit Kalaja, \u00ebsht\u00eb shprehur se duhet t\u00eb kishte pasur nj\u00eb zinxhir dor\u00ebheqjesh duke filluar nga ministrja e Brendshme Albana Ko\u00e7iu si dhe Drejtori i P\u00ebrgjithsh\u00ebm i Policis\u00eb s\u00eb Shtetit Ilir Proda.<\/p>\n<p>Lala theksoi se autoriteti i gjyqtar\u00ebt n\u00eb vend \u00ebsht\u00eb zhb\u00ebr\u00eb sepse e gjith\u00eb klasa politike etiketon \u00e7do gjyqtar dhe prokuror n\u00eb Republik\u00eb si t\u2019i vij\u00eb qejfi.<\/p>\n<p>Ajo\u00a0u ndal edhe tek reagimi i\u00a0KLGJ, p\u00ebr t\u00eb cilin tha se\u00a0\u201csot reagon p\u00ebr vrasje e nj\u00eb gjyqtari n\u00eb sall\u00ebn e gjyqit, nderkoh\u00eb q\u00eb para disa koh\u00ebsh shtangonte dh\u00ebmb\u00ebt dhe nuk reagonte p\u00ebrpara lin\u00e7imit dhe akuzave qe hidhte kryeministri, ish-kryeministri, ish-presidenti, ndaj njer\u00ebzve t\u00eb drejt\u00ebsis\u00eb\u201d.<\/p>\n<p><strong>Klodiana Lala:\u00a0<\/strong>Ka 33 vite q\u00eb pal\u00ebt p\u00ebrplasen n\u00eb procese gjyq\u00ebsore. Kan\u00eb qen\u00eb momente tensioni. Kam qen\u00eb duke l\u00ebvizur kur ka ndodhur ngjarja, kam shkuar p\u00ebr 3-4 minutat e par\u00eb. \u00cbsht\u00eb k\u00ebmben alarmi kur preket sistemi i drejt\u00ebsis\u00eb mendoj q\u00eb ka p\u00ebrgjegj\u00ebsi institucionale dhe politike. Institucional dhe politike ngre alarm p\u00ebr sigurin\u00eb n\u00eb gjykata p\u00ebr jet\u00ebn e gjykat\u00ebsve dhe prokuror\u00ebve.<\/p>\n<p>Nj\u00eb gjyqtar edhe n\u00ebse jep nj\u00eb vendim t\u00eb gabuar, ka gjykata t\u00eb tjera m\u00eb t\u00eb larta q\u00eb e shqyrtojn\u00eb at\u00eb. Nuk do t\u00eb thot\u00eb q\u00eb t\u00eb inkurajohet gjithkush. Autoriteti i gjyqtar\u00ebt n\u00eb vend \u00ebsht\u00eb zhb\u00ebr\u00eb, sepse ne kemi t\u00eb gjith\u00eb klas\u00ebn politike q\u00eb dalin dhe etiketon \u00e7do gjyqtar dhe prokuror n\u00eb republike si t\u2019i vij\u00eb qejfi.<\/p>\n<p>KLGJ q\u00eb sot reagon p\u00ebr vrasje e nj\u00eb gjyqtari n\u00eb sall\u00ebn e gjyqit, para disa koh\u00ebsh shtangonte dhemb\u00ebt dhe nuk reagonte p\u00ebrpara lin\u00e7imit dhe akuzave qe hidhte kryeministri, ish-kryeministri, ish-presidenti, ndaj njer\u00ebzve t\u00eb drejt\u00ebsis\u00eb, \u00cbsht\u00eb shum\u00eb von\u00eb tani q\u00eb d\u00ebmi \u00ebsht\u00eb b\u00ebr\u00eb tani. Nuk e di si ka moral politika shqiptare q\u00eb del dhe t\u00eb reagoj\u00eb p\u00ebr vrasjen e tij. Nuk e di se si ka moral ministrja e Brendshme, del dhe thot\u00eb q\u00eb nuk ka p\u00ebrgjegj\u00ebsi politike. Edhe n\u00eb Palermo gjyqtari nuk \u00ebsht\u00eb vrar\u00eb n\u00eb sall\u00ebn\u00a0 gjyqit, por n\u00eb rrug\u00eb.<\/p>\n<p>Prekja e sistemit t\u00eb drejt\u00ebsis\u00eb, edhe n\u00ebse gjyqtari \u00ebsht\u00eb p\u00ebrfshir\u00eb n\u00eb afera, t\u00eb d\u00ebnohet p\u00ebr aferat e tij, p\u00ebr sa koh\u00eb \u00ebsht\u00eb n\u00eb tempullin e drejt\u00ebsis\u00eb, duhet t\u00eb respektohet p\u00ebr at\u00eb. Pjesa tjet\u00ebr jan\u00eb kukuvajkat e politik\u00ebs q\u00eb flasin pasi d\u00ebmi \u00ebsht\u00eb b\u00ebr\u00eb. T\u00eb nes\u00ebrmen me t\u00eb nj\u00ebjt\u00ebn gjuh\u00eb do flasin sa t\u2019u preken interesat.<\/p>\n<p>Gjuha e politik\u00ebs i ka inkurajuar njer\u00ebzit e krimit t\u00eb drejtojn\u00eb k\u00ebrc\u00ebnimet, akuzat dhe t\u00eb tjera me radhe. Policia nuk ka b\u00ebr\u00eb detyr\u00ebn p\u00ebr t\u00eb ndaluar. Sot duhet t\u00eb kishte nj\u00eb zinxhir dor\u00ebheqjesh, q\u00eb nga ministrja e Brendshme, drejtori i P\u00ebrgjithsh\u00ebm i policis\u00eb, ka ndodhur krimi m\u00eb i r\u00ebnd\u00eb, vet\u00ebm 500 metra larg zyr\u00ebs s\u00eb Ilir Prod\u00ebs.<\/p>\n","protected":false},"excerpt":{"rendered":"<p>Gazetarja Klodiana Lala, teksa ka komentuar n\u00eb emisionin \u201cLog\u201d ngjarjen e r\u00ebnd\u00eb n\u00eb Gjykat\u00ebn e Apelit dit\u00ebn e sotme, ku u vra n\u00eb sall\u00ebn e gjyqit gjyqtari Astrit Kalaja, \u00ebsht\u00eb shprehur se duhet t\u00eb kishte pasur nj\u00eb zinxhir dor\u00ebheqjesh duke filluar nga ministrja e Brendshme Albana Ko\u00e7iu si dhe Drejtori i P\u00ebrgjithsh\u00ebm i Policis\u00eb s\u00eb &hellip;<\/p>\n","protected":false},"author":4,"featured_media":124988,"comment_status":"closed","ping_status":"closed","sticky":false,"template":"","format":"standard","meta":{"footnotes":""},"categories":[37],"tags":[],"class_list":["post-125031","post","type-post","status-publish","format-standard","has-post-thumbnail","","category-politike"],"_links":{"self":[{"href":"https:\/\/rdnews.al\/index.php\/wp-json\/wp\/v2\/posts\/125031","targetHints":{"allow":["GET"]}}],"collection":[{"href":"https:\/\/rdnews.al\/index.php\/wp-json\/wp\/v2\/posts"}],"about":[{"href":"https:\/\/rdnews.al\/index.php\/wp-json\/wp\/v2\/types\/post"}],"author":[{"embeddable":true,"href":"https:\/\/rdnews.al\/index.php\/wp-json\/wp\/v2\/users\/4"}],"replies":[{"embeddable":true,"href":"https:\/\/rdnews.al\/index.php\/wp-json\/wp\/v2\/comments?post=125031"}],"version-history":[{"count":1,"href":"https:\/\/rdnews.al\/index.php\/wp-json\/wp\/v2\/posts\/125031\/revisions"}],"predecessor-version":[{"id":125032,"href":"https:\/\/rdnews.al\/index.php\/wp-json\/wp\/v2\/posts\/125031\/revisions\/125032"}],"wp:featuredmedia":[{"embeddable":true,"href":"https:\/\/rdnews.al\/index.php\/wp-json\/wp\/v2\/media\/124988"}],"wp:attachment":[{"href":"https:\/\/rdnews.al\/index.php\/wp-json\/wp\/v2\/media?parent=125031"}],"wp:term":[{"taxonomy":"category","embeddable":true,"href":"https:\/\/rdnews.al\/index.php\/wp-json\/wp\/v2\/categories?post=125031"},{"taxonomy":"post_tag","embeddable":true,"href":"https:\/\/rdnews.al\/index.php\/wp-json\/wp\/v2\/tags?post=125031"}],"curies":[{"name":"wp","href":"https:\/\/api.w.org\/{rel}","templated":true}]}}