{"id":125036,"date":"2025-10-06T20:35:50","date_gmt":"2025-10-06T20:35:50","guid":{"rendered":"https:\/\/rdnews.al\/?p=125036"},"modified":"2025-10-06T20:35:50","modified_gmt":"2025-10-06T20:35:50","slug":"ilir-alimehmeti-mbeshtet-florian-binajn-nje-ze-kritik-dhe-i-guximshem-i-shoqerise-respektin-e-ka-fituar-me-pune","status":"publish","type":"post","link":"https:\/\/rdnews.al\/index.php\/2025\/10\/06\/ilir-alimehmeti-mbeshtet-florian-binajn-nje-ze-kritik-dhe-i-guximshem-i-shoqerise-respektin-e-ka-fituar-me-pune\/","title":{"rendered":"Ilir Alimehmeti mb\u00ebshtet Florian Binajn: Nj\u00eb z\u00eb kritik dhe i guximsh\u00ebm i shoq\u00ebris\u00eb, respektin e ka fituar me pun\u00eb"},"content":{"rendered":"<div class=\"xdj266r x14z9mp xat24cr x1lziwak x1vvkbs x126k92a\">\n<div dir=\"auto\">Drejtuar t\u00eb nderuarve qytetar\u00eb dhe z. Shehaj:<\/div>\n<\/div>\n<div class=\"x14z9mp xat24cr x1lziwak x1vvkbs xtlvy1s x126k92a\">\n<div dir=\"auto\">1. Partia Demokratike ka qen\u00eb krejt\u00ebsisht e hapur dhe ka respektuar \u00e7donj\u00eb prej parimeve p\u00ebrzgjedh\u00ebse t\u00eb kandidaturave q\u00eb u diskutuan me forcat aleate dhe opozitare, madje ka pranuar edhe pik\u00ebn e kandidatur\u00ebs jopartiake t\u00eb k\u00ebrkuar nga vet\u00eb z. Shehaj publikisht.<\/div>\n<\/div>\n<div class=\"x14z9mp xat24cr x1lziwak x1vvkbs xtlvy1s x126k92a\">\n<div dir=\"auto\">2. Gjat\u00eb komunikimit t\u00eb sotsh\u00ebm zyrtar t\u00eb Partis\u00eb Demokratike, z. Florjan Binaj u paraqit si kandidatur\u00eb q\u00eb plot\u00ebson \u00e7do parim bashkarisht t\u00eb pranuar nga t\u00eb gjitha forcat aleate.<\/div>\n<div dir=\"auto\">Grupi negociator menj\u00ebher\u00eb k\u00ebrkoi takimet me t\u00eb gjitha forcat opozitare, p\u00ebrfshir\u00eb Partin\u00eb Mund\u00ebsia, p\u00ebr diskutimin mbi kandidatur\u00ebn e z. Binaj, por k\u00ebto k\u00ebrkesa u takuan me mosp\u00ebrgjigjen nga strukturat e drejtuese t\u00eb Mund\u00ebsis\u00eb.<\/div>\n<\/div>\n<div class=\"x14z9mp xat24cr x1lziwak x1vvkbs xtlvy1s x126k92a\">\n<div dir=\"auto\">3. Z. Florjan Binaj \u00ebsht\u00eb nj\u00eb kandidatur\u00eb e shk\u00eblqyer qytetare, z\u00eb kritik dhe i guximsh\u00ebm i shoq\u00ebris\u00eb. N\u00eb vitet e fundit, ai \u00ebsht\u00eb shquar p\u00ebr q\u00ebndrimet e tij publike kund\u00ebr padrejt\u00ebsive sociale dhe politike.<\/div>\n<\/div>\n<div class=\"x14z9mp xat24cr x1lziwak x1vvkbs xtlvy1s x126k92a\">\n<div dir=\"auto\">Ka pasur raste kur ai \u00ebsht\u00eb distancuar nga projekte t\u00eb m\u00ebdha p\u00ebr shkak t\u00eb bindjeve t\u00eb tij morale, gjest ky q\u00eb k\u00ebrkon integritet dhe guxim.<\/div>\n<\/div>\n<div class=\"x14z9mp xat24cr x1lziwak x1vvkbs xtlvy1s x126k92a\">\n<div dir=\"auto\">Z. Florjan Binaj g\u00ebzon respekt t\u00eb fituar me pun\u00eb dhe dinjitet. Nuk \u00ebsht\u00eb nj\u00eb figur\u00eb q\u00eb ka nd\u00ebrtuar fam\u00ebn mbi skandale apo promovim t\u00eb panevojsh\u00ebm, por \u00ebsht\u00eb b\u00ebr\u00eb i njohur dhe i respektuar fal\u00eb talentit, pun\u00ebs s\u00eb palodhur dhe sjelljes s\u00eb tij etike dhe profesionale.<\/div>\n<\/div>\n<div class=\"x14z9mp xat24cr x1lziwak x1vvkbs xtlvy1s x126k92a\">\n<div dir=\"auto\">Pavar\u00ebsisht suksesit, Florjan Binaj ka ruajtur thjesht\u00ebsin\u00eb dhe \u00ebsht\u00eb perceptuar gjithmon\u00eb si &#8220;njeriu i zakonsh\u00ebm&#8221; q\u00eb nuk harron prej nga ka ardhur, karakteristike e nj\u00eb familjari t\u00eb devotsh\u00ebm dhe e nj\u00eb qytetari model.<\/div>\n<\/div>\n<div class=\"x14z9mp xat24cr x1lziwak x1vvkbs xtlvy1s x126k92a\">\n<div dir=\"auto\">E ftojm\u00eb z. Shehaj dhe Partin\u00eb Mund\u00ebsia t\u00eb bashkoj\u00eb forcat e saj me grupin opozitar n\u00eb mb\u00ebshtetje t\u00eb kandidatur\u00ebs s\u00eb z. Binaj p\u00ebr t&#8217;i nd\u00ebrruar faqen Tiran\u00ebs dhe p\u00ebr t\u00eb ndryshuar modelin e abuzimit dhe arroganc\u00ebs s\u00eb treguar ndaj saj nga kandidat\u00ebt p\u00ebr qeli t\u00eb pushtetar\u00ebve.<\/div>\n<\/div>\n<div class=\"x14z9mp xat24cr x1lziwak x1vvkbs xtlvy1s x126k92a\">\n<div dir=\"auto\">Besojm\u00eb se z. Shehaj ka mund\u00ebsin\u00eb e pakund\u00ebrshtueshme t\u00eb tregoj\u00eb hapur q\u00ebndrimin e tij opozitar n\u00eb mb\u00ebshtetje qytetare ndaj kandidatur\u00ebs plot vlera t\u00eb z. Florjan Binaj p\u00ebr Kryetar t\u00eb Bashkis\u00eb s\u00eb Tiran\u00ebs!<\/div>\n<\/div>\n<div class=\"x14z9mp xat24cr x1lziwak x1vvkbs xtlvy1s x126k92a\">\n<div dir=\"auto\">Prof. Asc. <span class=\"html-span xdj266r x14z9mp xat24cr x1lziwak xexx8yu xyri2b x18d9i69 x1c1uobl x1hl2dhg x16tdsg8 x1vvkbs\"><a class=\"x1i10hfl xjbqb8w x1ejq31n x18oe1m7 x1sy0etr xstzfhl x972fbf x10w94by x1qhh985 x14e42zd x9f619 x1ypdohk xt0psk2 x3ct3a4 xdj266r x14z9mp xat24cr x1lziwak xexx8yu xyri2b x18d9i69 x1c1uobl x16tdsg8 x1hl2dhg xggy1nq x1a2a7pz xkrqix3 x1sur9pj x1fey0fg x1s688f\" tabindex=\"0\" role=\"link\" href=\"https:\/\/www.facebook.com\/Dr.Ilir.Alimehmeti?__cft__[0]=AZUH-6Pvc1GHeW9cxIzUuyJHttOgBCEoodVSI7YkT7zCcF4dV3tZST0VFv4kOegWF3zlYs6Ow-_A-abS6PMG1L0CyM2EYcFEQv1Q71-54g_TXvu7Twdk_K_b9DswtIiISpWLzG4Iq89rR_k0ezLd0P1jz8ZCG45IPa9Tb04KalrEm0kylczhk-3NmIQdR_OyWZVMXR3QxQPVK6bKUu9k2LE4BQzo59uJz_50yxsWEePrxEBW4cH9uwGvw1XIsoUBRk93DHtriPHZ6ZAq6PxXpqkEvkq87PE8wosYf6LI_dr84Q&amp;__tn__=-]K-R\" target=\"_blank\" rel=\"noopener\"><span class=\"xt0psk2\"><span class=\"xjp7ctv\">Ilir Alimehmeti<\/span><\/span><\/a><\/span><\/div>\n<\/div>\n","protected":false},"excerpt":{"rendered":"<p>Drejtuar t\u00eb nderuarve qytetar\u00eb dhe z. Shehaj: 1. Partia Demokratike ka qen\u00eb krejt\u00ebsisht e hapur dhe ka respektuar \u00e7donj\u00eb prej parimeve p\u00ebrzgjedh\u00ebse t\u00eb kandidaturave q\u00eb u diskutuan me forcat aleate dhe opozitare, madje ka pranuar edhe pik\u00ebn e kandidatur\u00ebs jopartiake t\u00eb k\u00ebrkuar nga vet\u00eb z. Shehaj publikisht. 2. Gjat\u00eb komunikimit t\u00eb sotsh\u00ebm zyrtar t\u00eb Partis\u00eb &hellip;<\/p>\n","protected":false},"author":3,"featured_media":125037,"comment_status":"closed","ping_status":"closed","sticky":false,"template":"","format":"standard","meta":{"footnotes":""},"categories":[37],"tags":[],"class_list":["post-125036","post","type-post","status-publish","format-standard","has-post-thumbnail","","category-politike"],"_links":{"self":[{"href":"https:\/\/rdnews.al\/index.php\/wp-json\/wp\/v2\/posts\/125036","targetHints":{"allow":["GET"]}}],"collection":[{"href":"https:\/\/rdnews.al\/index.php\/wp-json\/wp\/v2\/posts"}],"about":[{"href":"https:\/\/rdnews.al\/index.php\/wp-json\/wp\/v2\/types\/post"}],"author":[{"embeddable":true,"href":"https:\/\/rdnews.al\/index.php\/wp-json\/wp\/v2\/users\/3"}],"replies":[{"embeddable":true,"href":"https:\/\/rdnews.al\/index.php\/wp-json\/wp\/v2\/comments?post=125036"}],"version-history":[{"count":1,"href":"https:\/\/rdnews.al\/index.php\/wp-json\/wp\/v2\/posts\/125036\/revisions"}],"predecessor-version":[{"id":125038,"href":"https:\/\/rdnews.al\/index.php\/wp-json\/wp\/v2\/posts\/125036\/revisions\/125038"}],"wp:featuredmedia":[{"embeddable":true,"href":"https:\/\/rdnews.al\/index.php\/wp-json\/wp\/v2\/media\/125037"}],"wp:attachment":[{"href":"https:\/\/rdnews.al\/index.php\/wp-json\/wp\/v2\/media?parent=125036"}],"wp:term":[{"taxonomy":"category","embeddable":true,"href":"https:\/\/rdnews.al\/index.php\/wp-json\/wp\/v2\/categories?post=125036"},{"taxonomy":"post_tag","embeddable":true,"href":"https:\/\/rdnews.al\/index.php\/wp-json\/wp\/v2\/tags?post=125036"}],"curies":[{"name":"wp","href":"https:\/\/api.w.org\/{rel}","templated":true}]}}