{"id":125044,"date":"2025-10-07T08:31:27","date_gmt":"2025-10-07T08:31:27","guid":{"rendered":"https:\/\/rdnews.al\/?p=125044"},"modified":"2025-10-07T08:31:27","modified_gmt":"2025-10-07T08:31:27","slug":"tv-gjerman-ne-tirane-nuk-kane-uje-ne-rubineta-rama-premton-diellen-dhe-ngre-kulla-prej-xhami","status":"publish","type":"post","link":"https:\/\/rdnews.al\/index.php\/2025\/10\/07\/tv-gjerman-ne-tirane-nuk-kane-uje-ne-rubineta-rama-premton-diellen-dhe-ngre-kulla-prej-xhami\/","title":{"rendered":"TV gjerman: N\u00eb Tiran\u00eb nuk kan\u00eb uj\u00eb n\u00eb rubineta, Rama premton \u201cDiell\u00ebn\u201d dhe ngre kulla prej xhami!"},"content":{"rendered":"<p>Transmetuesi\u00a0<a href=\"https:\/\/www.mdr.de\/nachrichten\/welt\/osteuropa\/politik\/albanien-edi-rama-ki-ministerin-pr-genie-100.html\" target=\"_blank\" rel=\"noopener\">publik gjerman\u00a0MDR\u00a0<\/a>ka p\u00ebrgatitur nj\u00eb reportazh p\u00ebr tendenc\u00ebn e Edi Ram\u00ebs p\u00ebr t\u00eb pushtuar titujt e medieve nd\u00ebrkomb\u00ebtare. K\u00ebt\u00eb her\u00eb ai p\u00ebrdori Diell\u00ebn, t\u00eb ashtuquajtur\u00ebn ministre e par\u00eb e inteligjenc\u00ebs artificiale.<\/p>\n<p>Media gjermane thekson se, k\u00ebto jan\u00eb strategji p\u00ebr marketing politik. Nj\u00eb gj\u00eb e till\u00eb mund t\u00eb ket\u00eb sukses me turist\u00ebt, por n\u00eb vend jan\u00eb t\u00eb d\u00ebshp\u00ebruar dhe k\u00ebto shpikje i presin me ironi.<\/p>\n<p>\u201cNj\u00eb grua me nj\u00eb v\u00ebshtrim t\u00eb ashp\u00ebr dhe nj\u00eb shami t\u00eb bardh\u00eb n\u00eb kok\u00eb &#8211; por vet\u00ebm virtuale: \u201cDiella\u201d \u00ebsht\u00eb ministrja e par\u00eb e inteligjenc\u00ebs artificiale n\u00eb Evrop\u00eb. Nj\u00eb avatar q\u00eb do t\u00eb mbik\u00ebqyr\u00eb prokurimin publik n\u00eb Shqip\u00ebri n\u00eb t\u00eb ardhmen. Kryeministri Edi Rama e prezantoi at\u00eb si an\u00ebtare t\u00eb kabinetit t\u00eb tij t\u00eb ri n\u00eb mesin e shtatorit. Ai sapo kishte fituar zgjedhjet parlamentare n\u00eb maj, duke siguruar mandatin e tij t\u00eb kat\u00ebrt radhazi n\u00eb detyr\u00eb. Mediat n\u00eb mbar\u00eb bot\u00ebn raportuan menj\u00ebher\u00eb p\u00ebr t\u00eb. P\u00ebr nj\u00eb moment, Shqip\u00ebria dukej m\u00eb af\u00ebr s\u00eb ardhmes sesa shum\u00eb vende t\u00eb BE-s\u00eb.<\/p>\n<p>Por n\u00eb kryeqytetin e Shqip\u00ebris\u00eb, Tiran\u00eb, mbizot\u00ebroi skepticizmi dhe tallja. Shum\u00eb veta u ndjen\u00eb t\u00eb provokuar nga lajmi. Nd\u00ebrsa vendi shk\u00eblqen nd\u00ebrkomb\u00ebtarisht me iden\u00eb e tij inovative, n\u00eb disa pjes\u00eb t\u00eb qytetit, as uji nuk rrjedh nga rubineti. N\u00eb Indeksin Global t\u00eb Inovacionit, Shqip\u00ebria renditet n\u00eb rangun e ul\u00ebt t\u00eb mes\u00ebm, e 84-ta nga nj\u00eb total prej 133 ekonomish t\u00eb anketuara,\u201d\u00a0shkruan media gjermane.<\/p>\n<p>Sipas tyre, kjo politik\u00eb e simbolik\u00ebs ka rreziqet e saj. Nd\u00ebrkoh\u00eb q\u00eb Edi Rama nd\u00ebrton kulla n\u00eb Tiran\u00eb, qytetar\u00ebve t\u00eb k\u00ebtij vendi nuk u b\u00ebn p\u00ebrshtypje pasi vuajn\u00eb p\u00ebr sh\u00ebrbimet m\u00eb bazike.<\/p>\n<p>\u201cVet\u00eb Tirana \u00ebsht\u00eb b\u00ebr\u00eb gjithashtu nj\u00eb vitrin\u00eb p\u00ebr politik\u00ebn e imazhit t\u00eb Edi Ram\u00ebs: Nd\u00ebrtesat moderne shum\u00ebkat\u00ebshe me fasada xhami dhe forma futuriste, t\u00eb projektuara nga arkitekt\u00eb yje nd\u00ebrkomb\u00ebtar\u00eb, po dominojn\u00eb gjithnj\u00eb e m\u00eb shum\u00eb horizontin. Firma arkitekturore holandeze MVRDV, p\u00ebr shembull, po nd\u00ebrton nj\u00eb kull\u00eb, forma e s\u00eb cil\u00ebs t\u00eb kujton kok\u00ebn e heroit komb\u00ebtar shqiptar Sk\u00ebnderbeu. Ekziston nj\u00eb llogari e qart\u00eb pas k\u00ebsaj: nd\u00ebrtesat kan\u00eb p\u00ebr q\u00ebllim t\u00eb sinjalizojn\u00eb progresin dhe t\u00eb t\u00ebrheqin investitor\u00eb dhe turist\u00eb. Revistat nd\u00ebrkomb\u00ebtare t\u00eb arkitektur\u00ebs tashm\u00eb po e festojn\u00eb Tiran\u00ebn si nj\u00eb pik\u00eb t\u00eb nxeht\u00eb p\u00ebr dizajn jokonvencional.<\/p>\n<p>Por n\u00eb vend, njer\u00ebzit jan\u00eb m\u00eb pak t\u00eb impresionuar nga kjo, sepse pas fasadave t\u00eb shndritshme n\u00eb Tiran\u00eb, infrastruktura mbetet e rr\u00ebnuar: sistemi i furnizimit me uj\u00eb dhe i transportit mezi po ecin me ritmin e bumit t\u00eb nd\u00ebrtimit, kritikojn\u00eb planifikuesit urban\u00eb vendas,\u201d\u00a0thekson media gjermane.<\/p>\n<p>Sipas saj, edhe histeria me Diell\u00ebn do t\u00eb shuhet, si\u00e7 u shua historia e Shtetit Bektashi.<\/p>\n","protected":false},"excerpt":{"rendered":"<p>Transmetuesi\u00a0publik gjerman\u00a0MDR\u00a0ka p\u00ebrgatitur nj\u00eb reportazh p\u00ebr tendenc\u00ebn e Edi Ram\u00ebs p\u00ebr t\u00eb pushtuar titujt e medieve nd\u00ebrkomb\u00ebtare. K\u00ebt\u00eb her\u00eb ai p\u00ebrdori Diell\u00ebn, t\u00eb ashtuquajtur\u00ebn ministre e par\u00eb e inteligjenc\u00ebs artificiale. Media gjermane thekson se, k\u00ebto jan\u00eb strategji p\u00ebr marketing politik. Nj\u00eb gj\u00eb e till\u00eb mund t\u00eb ket\u00eb sukses me turist\u00ebt, por n\u00eb vend jan\u00eb t\u00eb &hellip;<\/p>\n","protected":false},"author":4,"featured_media":125045,"comment_status":"closed","ping_status":"closed","sticky":false,"template":"","format":"standard","meta":{"footnotes":""},"categories":[37],"tags":[],"class_list":["post-125044","post","type-post","status-publish","format-standard","has-post-thumbnail","","category-politike"],"_links":{"self":[{"href":"https:\/\/rdnews.al\/index.php\/wp-json\/wp\/v2\/posts\/125044","targetHints":{"allow":["GET"]}}],"collection":[{"href":"https:\/\/rdnews.al\/index.php\/wp-json\/wp\/v2\/posts"}],"about":[{"href":"https:\/\/rdnews.al\/index.php\/wp-json\/wp\/v2\/types\/post"}],"author":[{"embeddable":true,"href":"https:\/\/rdnews.al\/index.php\/wp-json\/wp\/v2\/users\/4"}],"replies":[{"embeddable":true,"href":"https:\/\/rdnews.al\/index.php\/wp-json\/wp\/v2\/comments?post=125044"}],"version-history":[{"count":1,"href":"https:\/\/rdnews.al\/index.php\/wp-json\/wp\/v2\/posts\/125044\/revisions"}],"predecessor-version":[{"id":125046,"href":"https:\/\/rdnews.al\/index.php\/wp-json\/wp\/v2\/posts\/125044\/revisions\/125046"}],"wp:featuredmedia":[{"embeddable":true,"href":"https:\/\/rdnews.al\/index.php\/wp-json\/wp\/v2\/media\/125045"}],"wp:attachment":[{"href":"https:\/\/rdnews.al\/index.php\/wp-json\/wp\/v2\/media?parent=125044"}],"wp:term":[{"taxonomy":"category","embeddable":true,"href":"https:\/\/rdnews.al\/index.php\/wp-json\/wp\/v2\/categories?post=125044"},{"taxonomy":"post_tag","embeddable":true,"href":"https:\/\/rdnews.al\/index.php\/wp-json\/wp\/v2\/tags?post=125044"}],"curies":[{"name":"wp","href":"https:\/\/api.w.org\/{rel}","templated":true}]}}