{"id":125077,"date":"2025-10-07T11:36:29","date_gmt":"2025-10-07T11:36:29","guid":{"rendered":"https:\/\/rdnews.al\/?p=125077"},"modified":"2025-10-07T11:38:00","modified_gmt":"2025-10-07T11:38:00","slug":"berisha-rama-po-shfrytezon-vrasjen-e-nje-gjykatesi-per-te-kaluar-kodin-e-narkodiktatures","status":"publish","type":"post","link":"https:\/\/rdnews.al\/index.php\/2025\/10\/07\/berisha-rama-po-shfrytezon-vrasjen-e-nje-gjykatesi-per-te-kaluar-kodin-e-narkodiktatures\/","title":{"rendered":"Berisha: Rama po shfryt\u00ebzon vrasjen e nj\u00eb gjykat\u00ebsi p\u00ebr t\u00eb kaluar kodin e narkodiktatur\u00ebs!"},"content":{"rendered":"<p>Kryetari i PD, Sali Berisha tha gjat\u00eb konferenc\u00ebs p\u00ebr shtyp tha se, Rama po shfryt\u00ebzon vrasjen e nj\u00eb gjykat\u00ebsi p\u00ebr t\u00eb kaluar kodin e narkodiktatur\u00ebs!<br \/>\nBerisha tha se, ngjarja \u00ebsht\u00eb pasoj\u00eb direkte e munges\u00ebs totale t\u00eb p\u00ebrgjegj\u00ebsis\u00eb shtet\u00ebrore dhe korrupsionit t\u00eb thell\u00eb institucional, e jo e boshll\u00ebqeve ligjore, si\u00e7 po p\u00ebrpiqet t\u00eb justifikoj\u00eb qeveria.<br \/>\n\u201cS\u00eb pari, po t\u00eb kishte minimumin e p\u00ebrgjegj\u00ebsis\u00eb, ngjarja nuk mund t\u00eb ndodhte kurr\u00eb n\u00eb sall\u00ebn e gjykat\u00ebs s\u00eb Apelit.<br \/>\nPo pik\u00ebrisht se nuk ka asnj\u00eb lloj p\u00ebrgjegj\u00ebsie dhe nuk mban askush p\u00ebrgjegj\u00ebsi, Ramaduro thot\u00eb se fajin e ka Kodi Penal.<br \/>\nAi kod q\u00eb lejon d\u00ebnime nga m\u00eb t\u00eb m\u00ebdhat\u00eb.<br \/>\nMinistrat, apo pseudoministrat e tij, n\u00eb kor, thon\u00eb se fajin e ka arma pa leje.<br \/>\nPo njer\u00ebz t\u00eb shpifur si k\u00ebta nuk mund t\u00eb ket\u00eb, t\u00eb turpsh\u00ebm.<br \/>\nK\u00ebta turp\u00ebrojn\u00eb qytet, fshat, vend, krahin\u00eb, fis dhe \u00e7do gj\u00eb.<br \/>\nK\u00ebta jan\u00eb&#8230; se e si t\u00eb vrapojn\u00eb&#8230;<br \/>\nKjo \u00ebsht\u00eb nj\u00eb p\u00ebrpjekje e Edi Ram\u00ebs p\u00ebr t\u00eb kaluar Kodin Ramaduro-Rakipi. Kodin e narkodiktatur\u00ebs.<br \/>\nShfryt\u00ebzon gjakun, jet\u00ebn e nj\u00eb gjykat\u00ebsi p\u00ebr t\u00eb kaluar kodin e narkodiktatur\u00ebs.<br \/>\nNuk ka asnj\u00eb munges\u00eb n\u00eb kod. Asnj\u00eb munges\u00eb.<br \/>\nSi mund t\u00eb ket\u00eb?<br \/>\nKush e pengon detektorin? Funksionimin e tij? Kontrollin me detektor?<br \/>\nKush e pengon q\u00eb t\u00eb ket\u00eb roje salla e gjyqit? Kush i pengon k\u00ebto?<br \/>\nI pengon korrupsioni dhe mosp\u00ebrgjegj\u00ebsia.<br \/>\nShikoni sa i pap\u00ebrgjegjsh\u00ebm, ky q\u00eb katandisi drejt\u00ebsin\u00eb n\u00eb gjendje katastrofale me Sorosin, n\u00eb k\u00ebt\u00eb gjendje ku qytetari duhet t\u00eb pres\u00eb 15 vite p\u00ebr drejt\u00ebsi, qytetar\u00ebt jan\u00eb privuar nga procesi ligjor i drejt\u00eb q\u00eb ndodh n\u00eb koh\u00ebn e duhur.<br \/>\nKy \u00ebsht\u00eb kusht n\u00eb konventa. Gjykimi nuk jepet p\u00ebrnj\u00ebher\u00eb, do koh\u00ebn e vet. Por kurr\u00eb 15 vite.<br \/>\nVet\u00eb drejtuesit e k\u00ebtyre institucioneve kan\u00eb deklaruar se do 15 vite nj\u00eb dosje n\u00eb apel p\u00ebr t\u2019u shqyrtuar.<br \/>\nVet\u00eb ata kan\u00eb deklaruar, me p\u00ebrgjegj\u00ebsi, se nuk ekziston procesi gjyq\u00ebsor m\u00eb.<br \/>\n\u00c7do jurist e di q\u00eb nj\u00eb vendim q\u00eb jepet pas 15 vitesh nuk ka asnj\u00eb vler\u00eb m\u00eb.<br \/>\nK\u00ebto nuk e justifikojn\u00eb vet\u00ebgjyq\u00ebsin\u00eb, por kjo \u00ebsht\u00eb nj\u00eb katastrof\u00eb, ky \u00ebsht\u00eb nj\u00eb falimentim i sistemit ekzistues.<br \/>\nK\u00ebt\u00eb falimentim t\u00eb sistemit ekzistues, Edi Rama p\u00ebrpiqet ta maskoj\u00eb me kodin. Jo mor. Ai kod lejon d\u00ebnimin p\u00ebrjet\u00eb. \u00c7far\u00eb k\u00ebrkon nga nj\u00eb kod tjet\u00ebr ti?<br \/>\nMe k\u00ebt\u00eb kod jan\u00eb d\u00ebnuar me burgim p\u00ebrjet\u00eb dhjet\u00ebra q\u00eb i ka liruar Edi Rama mbrapa.<br \/>\nI ka liruar ai i gjati, e d\u00ebgjuat t\u00eb Rumin q\u00eb thoshte me at\u00eb t\u00eb gjatin jemi marr\u00eb vesh.<br \/>\nKush \u00ebsht\u00eb ai i gjati? Erion Bra\u00e7e \u00ebsht\u00eb ai i gjati?<br \/>\nM\u00eb thoni pak se mediat hesht\u00ebn, nuk dol\u00ebn me tituj: kryeministri n\u00eb marr\u00ebveshje me Rumin. Jo, jo.<br \/>\nKjo \u00ebsht\u00eb hipokrizi, ky \u00ebsht\u00eb tmerr.<br \/>\n\u00cbsht\u00eb t\u00eb shfryt\u00ebzosh vrasjen e nj\u00eb gjykat\u00ebsi, t\u00eb vras\u00ebsh p\u00ebr s\u00eb dyti n\u00eb k\u00ebt\u00eb m\u00ebnyr\u00eb. Shkoi ai, u fut, ia num\u00ebroi sa dha vendimin\u201d, u shpreh Berisha.<\/p>\n","protected":false},"excerpt":{"rendered":"<p>Kryetari i PD, Sali Berisha tha gjat\u00eb konferenc\u00ebs p\u00ebr shtyp tha se, Rama po shfryt\u00ebzon vrasjen e nj\u00eb gjykat\u00ebsi p\u00ebr t\u00eb kaluar kodin e narkodiktatur\u00ebs! Berisha tha se, ngjarja \u00ebsht\u00eb pasoj\u00eb direkte e munges\u00ebs totale t\u00eb p\u00ebrgjegj\u00ebsis\u00eb shtet\u00ebrore dhe korrupsionit t\u00eb thell\u00eb institucional, e jo e boshll\u00ebqeve ligjore, si\u00e7 po p\u00ebrpiqet t\u00eb justifikoj\u00eb qeveria. \u201cS\u00eb &hellip;<\/p>\n","protected":false},"author":4,"featured_media":125070,"comment_status":"closed","ping_status":"closed","sticky":false,"template":"","format":"standard","meta":{"footnotes":""},"categories":[37],"tags":[],"class_list":["post-125077","post","type-post","status-publish","format-standard","has-post-thumbnail","","category-politike"],"_links":{"self":[{"href":"https:\/\/rdnews.al\/index.php\/wp-json\/wp\/v2\/posts\/125077","targetHints":{"allow":["GET"]}}],"collection":[{"href":"https:\/\/rdnews.al\/index.php\/wp-json\/wp\/v2\/posts"}],"about":[{"href":"https:\/\/rdnews.al\/index.php\/wp-json\/wp\/v2\/types\/post"}],"author":[{"embeddable":true,"href":"https:\/\/rdnews.al\/index.php\/wp-json\/wp\/v2\/users\/4"}],"replies":[{"embeddable":true,"href":"https:\/\/rdnews.al\/index.php\/wp-json\/wp\/v2\/comments?post=125077"}],"version-history":[{"count":1,"href":"https:\/\/rdnews.al\/index.php\/wp-json\/wp\/v2\/posts\/125077\/revisions"}],"predecessor-version":[{"id":125079,"href":"https:\/\/rdnews.al\/index.php\/wp-json\/wp\/v2\/posts\/125077\/revisions\/125079"}],"wp:featuredmedia":[{"embeddable":true,"href":"https:\/\/rdnews.al\/index.php\/wp-json\/wp\/v2\/media\/125070"}],"wp:attachment":[{"href":"https:\/\/rdnews.al\/index.php\/wp-json\/wp\/v2\/media?parent=125077"}],"wp:term":[{"taxonomy":"category","embeddable":true,"href":"https:\/\/rdnews.al\/index.php\/wp-json\/wp\/v2\/categories?post=125077"},{"taxonomy":"post_tag","embeddable":true,"href":"https:\/\/rdnews.al\/index.php\/wp-json\/wp\/v2\/tags?post=125077"}],"curies":[{"name":"wp","href":"https:\/\/api.w.org\/{rel}","templated":true}]}}