{"id":125083,"date":"2025-10-07T12:00:48","date_gmt":"2025-10-07T12:00:48","guid":{"rendered":"https:\/\/rdnews.al\/?p=125083"},"modified":"2025-10-07T12:00:48","modified_gmt":"2025-10-07T12:00:48","slug":"berisha-rama-sulmon-gjykatesit-qe-zbatojne-ligjin-une-luftoj-per-ligjin","status":"publish","type":"post","link":"https:\/\/rdnews.al\/index.php\/2025\/10\/07\/berisha-rama-sulmon-gjykatesit-qe-zbatojne-ligjin-une-luftoj-per-ligjin\/","title":{"rendered":"Berisha: Rama sulmon gjykat\u00ebsit q\u00eb zbatojn\u00eb ligjin! Un\u00eb luftoj p\u00ebr ligjin!"},"content":{"rendered":"<p>Kryetari i PD, Sali Berisha, n\u00eb konferenc\u00ebn p\u00ebr shtyp tha se, Rama sulmon gjykat\u00ebsit q\u00eb zbatojn\u00eb ligjin! ai tha se, un\u00eb luftoj p\u00ebr ligjin, nuk kam sulmuar asnj\u00eb gjykat\u00ebs apo prokuror pa fakte dhe prova.<br \/>\n\u201cJu lutem, mos krahasoni t\u00eb pakrahasueshmen.<br \/>\n\u00c7far\u00eb mund t\u2019u them un\u00eb ju?<br \/>\n\u00cbsht\u00eb e v\u00ebrtet\u00eb, por mos harro se un\u00eb jam kryetar i opozit\u00ebs dhe n\u00eb qoft\u00eb se ti mban n\u00eb detyr\u00eb nj\u00eb gjykat\u00ebse delinkuente, dhe e mban at\u00eb vet\u00ebm p\u00ebr q\u00ebllime politike, se ka dosjen e Ilir Met\u00ebs apo tjet\u00ebr kujt, ti damkos drejt\u00ebsin\u00eb.<br \/>\nUn\u00eb nuk mund t\u00eb mos u them shqiptar\u00ebve t\u00eb v\u00ebrtet\u00ebn.<br \/>\nDhe n\u00eb qoft\u00eb se un\u00eb kam folur p\u00ebr Irena Gjok\u00ebn, besoj se jeni d\u00ebshmitar\u00eb se p\u00ebr \u00e7do denoncim kam nxjerr\u00eb dokumente.<br \/>\nNuk kam b\u00ebr\u00eb asnj\u00eb denoncim pa dokumente.<br \/>\nKam deklaruar se e kam shkarkuar p\u00ebr korrupsion dhe e ka mohuar, kam nxjerr\u00eb vendimin p\u00ebr korrupsion.<br \/>\nKam deklaruar se \u00ebsht\u00eb p\u00ebrz\u00ebn\u00eb nga Greqia p\u00ebr falsifikim dokumentesh, e ka mohuar. Kam nxjerr\u00eb dokumentet nga autoritetet greke q\u00eb ka qen\u00eb.<br \/>\nKam deklaruar se ka qen\u00eb e d\u00ebnuar me burg nga gjykata greke, e ka mohuar. Kam nxjerr\u00eb para jush dokumentet e drejt\u00ebsis\u00eb greke q\u00eb e ka d\u00ebnuar.<br \/>\nKam deklaruar se ajo k\u00ebto nuk i ka deklaruar n\u00eb formularin e dekriminalizimit. Kam nxjerr\u00eb formularin e dekriminalizimit ku nuk jan\u00eb t\u00eb deklaruara dhe kjo p\u00ebrb\u00ebn krim.<br \/>\nKam deklaruar se kjo nuk i ka deklaruar n\u00eb formularin e vetingut. Kam nxjerr formularin q\u00eb kjo b\u00ebn krim.<br \/>\nDhe kjo mbrohet nga Altin Troplini, i cili ka hapur dosje pa em\u00ebr vet\u00ebm e vet\u00ebm p\u00ebr ta mbajtur n\u00eb detyr\u00eb.<br \/>\nA nuk \u00ebsht\u00eb detyr\u00eb e imja si deputet, si kryetar i nj\u00eb partie politike q\u00eb t\u00eb b\u00ebj publike t\u00eb gjitha?<br \/>\nA e dini q\u00eb kjo q\u00eb b\u00ebn ajo \u00ebsht\u00eb krim n\u00eb vazhdim?<br \/>\nSe kur un\u00eb solla dokumentin me vul\u00eb apostile t\u00eb d\u00ebnimit t\u00eb saj me burg, ajo i tha BIRN se un\u00eb nuk kam asnj\u00eb d\u00ebnim.<br \/>\nKy quhet krim n\u00eb vazhdim dhe ajo mbahet n\u00eb detyr\u00eb.<br \/>\nAt\u00eb e mban Edi Rama me Altin Troplinin, sepse \u00e7\u2019kusur kan\u00eb gjykat\u00ebsit dhe prokuror\u00ebt e tjer\u00eb t\u00eb mbajn\u00eb turpet e saj?<br \/>\nOse po marr Altin Troplinin, asnj\u00eb gj\u00eb, asnj\u00eb akuz\u00eb, absolutisht asnj\u00eb nuk i kam b\u00ebr\u00eb dhe nuk i lejoj kurr\u00eb t\u2019i b\u00ebj pa fakte.<br \/>\nPo, e kam akuzuar p\u00ebr dosjet elektorale, 184 dhe 339, po ky \u00ebsht\u00eb fakt, \u00ebsht\u00eb fakt bot\u00ebror. Fakt nd\u00ebrkomb\u00ebtar.<br \/>\nDhe ky mercenar, ky ushtar i Ymer Lal\u00ebs, q\u00eb e merr n\u00eb pyetje, i b\u00ebn 19 pyetje dhe nuk e pyet p\u00ebr vrasjen, p\u00ebr t\u00eb cil\u00ebn duhej ta pyeste, ky amniston krimin elektoral.<br \/>\nKam paraqitur para jush dosjet e koleg\u00ebve t\u00eb tij q\u00eb marrin para nga banda e Elbasanit. Aty i ka.<br \/>\n\u00c7far\u00eb duhet t\u00eb b\u00ebj un\u00eb? T\u2019i fsheh k\u00ebto?<br \/>\nA \u00ebsht\u00eb detyra ime t\u2019i b\u00ebj publike k\u00ebto?<br \/>\nDhe ky, jo q\u00eb nuk ka mbajtur q\u00ebndrim, por mendoi se do m\u00eb k\u00ebrc\u00ebnonte po t\u00eb publikoja dosjen.<br \/>\nPra, t\u2019i fshihja un\u00eb sipas tij.<br \/>\nNd\u00ebrkoh\u00eb kur thirri nj\u00ebrin prej tyre pasi e ngrita un\u00eb, ai i tha: shihi pak ato pyetjet q\u00eb i b\u00ebn Ymer Lal\u00ebs ti. Dhe e uli kok\u00ebn.<br \/>\nYmer Lala u akuzua p\u00ebr vrasje nga i penduari i drejt\u00ebsis\u00eb dhe ky vet\u00ebm p\u00ebr vrasje nuk e pyeti dhe Ymer Lala \u00ebsht\u00eb i lir\u00eb.<br \/>\nTjet\u00ebr. Ka 4 banesa. Tre t\u00eb vetat dhe nj\u00ebr\u00ebn kollovar tek vjehrri.<br \/>\nPra, un\u00eb nuk akuzoj kurr\u00eb njeri pa fakte, por natyrisht nuk mund t\u00eb pranoj kurr\u00eb akte t\u00eb tilla kriminale.<br \/>\nDhe t\u00eb garantoj se k\u00ebto jan\u00eb arsyet pse \u00ebsht\u00eb ai reagim.<br \/>\nShihni pak se si ka reaguar pas statusit tim e t\u00eb tjer\u00ebve me radh\u00eb, q\u00eb p\u00ebr mua \u00ebsht\u00eb i papranuesh\u00ebm reagimi.<br \/>\nPor vet\u00ebm nj\u00eb gj\u00eb, t\u00eb mos mendojm\u00eb se njer\u00ebzit han\u00eb har. Jo. Njer\u00ebzit kan\u00eb logjik\u00ebn e tyre.<br \/>\nAma kan\u00eb dhimbje t\u00eb tmerrshme nga mungesa e procesit ligjor.<br \/>\nMjafton vet\u00ebm kjo p\u00ebr t\u00eb p\u00ebrmbysur \u00e7do regjim.<br \/>\nEdi Rama i ka sulmuar sepse nuk arrestuan Sali Berish\u00ebn. Jo, k\u00ebtu jemi. Kujto fjal\u00ebn e tij, Spakun q\u00eb e krijuam ne.<br \/>\nSepse nuk arrestuan Ilir Met\u00ebn.<br \/>\nEdi Rama i ka sulmuar sepse ata q\u00eb i paguajn\u00eb miliona p\u00ebr katet shtes\u00eb, ua legalizon, kurse prokurores q\u00eb zbaton vendimin e tij strikt, i b\u00ebn gjyqin publik dhe i k\u00ebrkon t\u00eb largohet.<br \/>\nApo gjykat\u00ebsit, se mua m\u00eb tha nj\u00eb gjykat\u00ebs i ndersh\u00ebm, q\u00eb jep nj\u00eb vendim n\u00eb p\u00ebrputhje me vendimet ekzistuese, i v\u00ebrsulet si rruga\u00e7 ordiner.<br \/>\nNuk mund t\u2019i thuash tjetrit ashtu ti, t\u00eb shfryt\u00ebzosh pushtetin p\u00ebr t\u00eb shar\u00eb tjetrin, je m\u00eb keq se rruga\u00e7. Se kur ke pushtetin, e frenon gjuh\u00ebn 10 her\u00eb. Po kur i v\u00ebrsulesh nj\u00eb njeriu q\u00eb b\u00ebn ligjin aty, \u00e7far\u00eb krahasimi ka aty?<br \/>\nNuk kam asgj\u00eb personale n\u00eb k\u00ebt\u00eb mes. Jo. Nuk duhet t\u2019i ngat\u00ebrrojm\u00eb gj\u00ebrat se nuk i sh\u00ebrben\u201d, u shpreh Berisha.<\/p>\n","protected":false},"excerpt":{"rendered":"<p>Kryetari i PD, Sali Berisha, n\u00eb konferenc\u00ebn p\u00ebr shtyp tha se, Rama sulmon gjykat\u00ebsit q\u00eb zbatojn\u00eb ligjin! ai tha se, un\u00eb luftoj p\u00ebr ligjin, nuk kam sulmuar asnj\u00eb gjykat\u00ebs apo prokuror pa fakte dhe prova. \u201cJu lutem, mos krahasoni t\u00eb pakrahasueshmen. \u00c7far\u00eb mund t\u2019u them un\u00eb ju? \u00cbsht\u00eb e v\u00ebrtet\u00eb, por mos harro se un\u00eb &hellip;<\/p>\n","protected":false},"author":4,"featured_media":125078,"comment_status":"closed","ping_status":"closed","sticky":false,"template":"","format":"standard","meta":{"footnotes":""},"categories":[37],"tags":[],"class_list":["post-125083","post","type-post","status-publish","format-standard","has-post-thumbnail","","category-politike"],"_links":{"self":[{"href":"https:\/\/rdnews.al\/index.php\/wp-json\/wp\/v2\/posts\/125083","targetHints":{"allow":["GET"]}}],"collection":[{"href":"https:\/\/rdnews.al\/index.php\/wp-json\/wp\/v2\/posts"}],"about":[{"href":"https:\/\/rdnews.al\/index.php\/wp-json\/wp\/v2\/types\/post"}],"author":[{"embeddable":true,"href":"https:\/\/rdnews.al\/index.php\/wp-json\/wp\/v2\/users\/4"}],"replies":[{"embeddable":true,"href":"https:\/\/rdnews.al\/index.php\/wp-json\/wp\/v2\/comments?post=125083"}],"version-history":[{"count":1,"href":"https:\/\/rdnews.al\/index.php\/wp-json\/wp\/v2\/posts\/125083\/revisions"}],"predecessor-version":[{"id":125084,"href":"https:\/\/rdnews.al\/index.php\/wp-json\/wp\/v2\/posts\/125083\/revisions\/125084"}],"wp:featuredmedia":[{"embeddable":true,"href":"https:\/\/rdnews.al\/index.php\/wp-json\/wp\/v2\/media\/125078"}],"wp:attachment":[{"href":"https:\/\/rdnews.al\/index.php\/wp-json\/wp\/v2\/media?parent=125083"}],"wp:term":[{"taxonomy":"category","embeddable":true,"href":"https:\/\/rdnews.al\/index.php\/wp-json\/wp\/v2\/categories?post=125083"},{"taxonomy":"post_tag","embeddable":true,"href":"https:\/\/rdnews.al\/index.php\/wp-json\/wp\/v2\/tags?post=125083"}],"curies":[{"name":"wp","href":"https:\/\/api.w.org\/{rel}","templated":true}]}}