{"id":125087,"date":"2025-10-07T12:11:32","date_gmt":"2025-10-07T12:11:32","guid":{"rendered":"https:\/\/rdnews.al\/?p=125087"},"modified":"2025-10-07T12:12:02","modified_gmt":"2025-10-07T12:12:02","slug":"berisha-edi-rama-ne-rreth-te-kuq-ne-shba-nuk-shpeton-sepse-eshte-njesh-me-mcgonigalin","status":"publish","type":"post","link":"https:\/\/rdnews.al\/index.php\/2025\/10\/07\/berisha-edi-rama-ne-rreth-te-kuq-ne-shba-nuk-shpeton-sepse-eshte-njesh-me-mcgonigalin\/","title":{"rendered":"Berisha: Edi Rama \u00ebsht\u00eb n\u00eb rreth t\u00eb kuq n\u00eb SHBA, nuk shp\u00ebton sepse \u00ebsht\u00eb nj\u00ebsh me McGonigalin!"},"content":{"rendered":"<p>Kryetari i PD, Sali Berisha tha gjat\u00eb konferenc\u00ebs p\u00ebr shtyp se, Edi Rama \u00ebsht\u00eb n\u00eb rreth t\u00eb kuq n\u00eb SHBA, nuk shp\u00ebton sepse \u00ebsht\u00eb nj\u00ebsh me McGonigalin! Ai theksoi se Rama \u00ebsht\u00eb i p\u00ebrfshir\u00eb n\u00eb dosje droge dhe korrupsioni, duke p\u00ebrdorur pushtetin p\u00ebr t\u00eb ndjekur opozit\u00ebn dhe p\u00ebr t\u00eb legalizuar skema kriminale.<br \/>\n\u201cTani, nj\u00eb moment tjet\u00ebr shum\u00eb i r\u00ebnd\u00ebsish\u00ebm \u00ebsht\u00eb intervista q\u00eb dha mbr\u00ebm\u00eb George Papadopoulos, nj\u00eb nga viktimat m\u00eb kryesore t\u00eb ekstremit t\u00eb majt\u00eb n\u00eb SHBA, nj\u00eb ish-k\u00ebshilltar, mos gaboj, elektoral i presidentit Trump n\u00eb mandatin e par\u00eb.<br \/>\nNj\u00eb person, q\u00eb u p\u00ebrpoq\u00ebn ta korruptojn\u00eb dhe ta b\u00ebjn\u00eb pjes\u00eb t\u00eb vete sorosian\u00ebt dhe ekstremist\u00ebt e majt\u00eb, por q\u00eb q\u00ebndroi, u p\u00ebrball edhe me burgjet e tyre dhe mbeti i pathyer dhe i pamposhtur si njeri.<br \/>\nZot\u00ebria n\u00eb intervist\u00ebn e tij b\u00ebn t\u00eb qart\u00eb p\u00ebr \u00e7do shqiptar se Edi Rama \u00ebsht\u00eb n\u00eb rreth t\u00eb kuq dhe se nuk shp\u00ebton sepse \u00ebsht\u00eb nj\u00eb me McGonigalin dhe e mbron Altin Troplini.<br \/>\nSepse nga McGonigali ka hequr licenca nafte dhe ka dh\u00ebn\u00eb licenca nafte.<br \/>\nSepse ka paguar McGonigalin p\u00ebr t\u00eb ndjek\u00eb dhe persekutuar opozit\u00ebn shqiptare.<br \/>\nSepse McGonigali ishte element kryesor n\u00eb nj\u00eb komplot, n\u00eb komplotin m\u00eb t\u00eb madh n\u00eb histori, komplotin q\u00eb b\u00ebhej p\u00ebr t\u00eb p\u00ebrmbysur presidentin e SHBA pasi t\u00eb zgjidhej.<br \/>\nEdi Rama, dhe ju e d\u00ebgjuat, dhe nuk u ndal n\u00eb dosjen tjet\u00ebr t\u00eb Du\u00e7k\u00ebs me kinez\u00ebt, Edi Rama \u00ebsht\u00eb k\u00ebmb\u00eb e kok\u00eb i lidhur me dosjen e drog\u00ebs.<br \/>\nBesoj se ju i ndiqni lajmet, aktualisht armiku num\u00ebr 1 i jasht\u00ebm p\u00ebr SHBA jan\u00eb kartelet e drog\u00ebs.<br \/>\nJu e keni par\u00eb se si po gjuhen anijet e drog\u00ebs n\u00eb uj\u00ebra nd\u00ebrkomb\u00ebtare, por ka deklaruar se do i gjuaj\u00eb edhe n\u00eb uj\u00ebra territoriale.<br \/>\nTani, m\u00eb thoni ju mua, m\u00eb gjeni nj\u00eb njeri, nj\u00eb kryeminist\u00ebr n\u00eb Europ\u00eb, a dini ju t\u00eb jet\u00eb i lidhur si Edi Rama me klanet e drog\u00ebs?<br \/>\nSi i thoshte Rumi, jemi marr\u00eb vesh me at\u00eb gjatin.<br \/>\nKan\u00eb tre dit\u00eb mediat e qeveris\u00eb q\u00eb hapen me tituj, obobo do na vij\u00eb Rama, se po t\u00eb vij\u00eb Rama p\u00ebr deputet, nuk b\u00ebjm\u00eb dot vrasje,<br \/>\nImagjinoni ku shkon, dhe k\u00ebt\u00eb ia quaj\u00eb p\u00ebr merit\u00eb.<br \/>\nPo k\u00ebt\u00eb tjetr\u00ebn q\u00eb jemi marr\u00eb vesh me at\u00eb t\u00eb gjatin p\u00ebr t\u00eb vjedhur tokat, k\u00ebt\u00eb nuk e japin mediat e qeveris\u00eb, k\u00ebt\u00eb e censurojn\u00eb.<br \/>\nArub\u00ebn e censurojn\u00eb.<br \/>\nKeni d\u00ebgjuar t\u00eb luftojn\u00eb p\u00ebr Luftim Hys\u00ebn dhe Sinaloan? Luftim Hys\u00ebn n\u00eb zyr\u00ebn e Ram\u00ebs.<br \/>\nTani erdhi koha. Sado q\u00eb p\u00ebrpiqen ta mbrojn\u00eb. Sado q\u00eb ka p\u00ebr fat t\u00eb keq edhe t\u00eb huaj q\u00eb kur d\u00ebgjojn\u00eb fjal\u00ebn narkoshtet turfullojn\u00eb, por u them se ky \u00ebsht\u00eb narkoshteti m\u00eb i sh\u00ebmtuar, i pari dhe i vet\u00ebm n\u00eb Europ\u00eb q\u00eb po shkat\u00ebrron Shqip\u00ebrin\u00eb.<br \/>\nJa urdh\u00ebro, kemi at\u00eb t\u00eb gjatin ne atje&#8230;<br \/>\nKush \u00ebsht\u00eb ky q\u00eb tha kemi at\u00eb t\u00eb gjatin, njeriu q\u00eb i tha bashk\u00ebpun\u00ebtorit dua nja dhjet\u00eb viktima. \u00c7eki\u00e7i i pari, Lul Berisha i dyti, i treti Dervishi, ata t\u00eb tjer\u00ebt jan\u00eb t\u00eb par\u00ebnd\u00ebsish\u00ebm, por do i vrasim, do i fshijm\u00eb.<br \/>\n\u00c7far\u00eb mund t\u00eb themi p\u00ebr k\u00ebto gj\u00ebra? \u00cbsht\u00eb p\u00ebr t\u00eb ardhur keq q\u00eb edhe k\u00ebt\u00eb intervist\u00eb e censurojn\u00eb mediat. N\u00eb vend q\u00eb ken\u00eb tituj q\u00eb Edi Rama \u00ebsht\u00eb n\u00eb hetim, nuk mund t\u2019i shp\u00ebtoj\u00eb hetimit. Jo!\u201d, tha Berisha.<\/p>\n","protected":false},"excerpt":{"rendered":"<p>Kryetari i PD, Sali Berisha tha gjat\u00eb konferenc\u00ebs p\u00ebr shtyp se, Edi Rama \u00ebsht\u00eb n\u00eb rreth t\u00eb kuq n\u00eb SHBA, nuk shp\u00ebton sepse \u00ebsht\u00eb nj\u00ebsh me McGonigalin! Ai theksoi se Rama \u00ebsht\u00eb i p\u00ebrfshir\u00eb n\u00eb dosje droge dhe korrupsioni, duke p\u00ebrdorur pushtetin p\u00ebr t\u00eb ndjekur opozit\u00ebn dhe p\u00ebr t\u00eb legalizuar skema kriminale. \u201cTani, nj\u00eb moment &hellip;<\/p>\n","protected":false},"author":4,"featured_media":36879,"comment_status":"closed","ping_status":"closed","sticky":false,"template":"","format":"standard","meta":{"footnotes":""},"categories":[37],"tags":[],"class_list":["post-125087","post","type-post","status-publish","format-standard","has-post-thumbnail","","category-politike"],"_links":{"self":[{"href":"https:\/\/rdnews.al\/index.php\/wp-json\/wp\/v2\/posts\/125087","targetHints":{"allow":["GET"]}}],"collection":[{"href":"https:\/\/rdnews.al\/index.php\/wp-json\/wp\/v2\/posts"}],"about":[{"href":"https:\/\/rdnews.al\/index.php\/wp-json\/wp\/v2\/types\/post"}],"author":[{"embeddable":true,"href":"https:\/\/rdnews.al\/index.php\/wp-json\/wp\/v2\/users\/4"}],"replies":[{"embeddable":true,"href":"https:\/\/rdnews.al\/index.php\/wp-json\/wp\/v2\/comments?post=125087"}],"version-history":[{"count":2,"href":"https:\/\/rdnews.al\/index.php\/wp-json\/wp\/v2\/posts\/125087\/revisions"}],"predecessor-version":[{"id":125089,"href":"https:\/\/rdnews.al\/index.php\/wp-json\/wp\/v2\/posts\/125087\/revisions\/125089"}],"wp:featuredmedia":[{"embeddable":true,"href":"https:\/\/rdnews.al\/index.php\/wp-json\/wp\/v2\/media\/36879"}],"wp:attachment":[{"href":"https:\/\/rdnews.al\/index.php\/wp-json\/wp\/v2\/media?parent=125087"}],"wp:term":[{"taxonomy":"category","embeddable":true,"href":"https:\/\/rdnews.al\/index.php\/wp-json\/wp\/v2\/categories?post=125087"},{"taxonomy":"post_tag","embeddable":true,"href":"https:\/\/rdnews.al\/index.php\/wp-json\/wp\/v2\/tags?post=125087"}],"curies":[{"name":"wp","href":"https:\/\/api.w.org\/{rel}","templated":true}]}}