{"id":125104,"date":"2025-10-07T16:34:24","date_gmt":"2025-10-07T16:34:24","guid":{"rendered":"https:\/\/rdnews.al\/?p=125104"},"modified":"2025-10-07T16:34:24","modified_gmt":"2025-10-07T16:34:24","slug":"vrasja-e-gjyqtarit-bardhi-rama-dhe-kociu-genjyen-publikisht-spak-te-nise-hetimin","status":"publish","type":"post","link":"https:\/\/rdnews.al\/index.php\/2025\/10\/07\/vrasja-e-gjyqtarit-bardhi-rama-dhe-kociu-genjyen-publikisht-spak-te-nise-hetimin\/","title":{"rendered":"Vrasja e gjyqtarit\/ Bardhi: Rama dhe Ko\u00e7iu g\u00ebnjyen publikisht, SPAK t\u00eb nis\u00eb hetimin!"},"content":{"rendered":"<p>Kryetari i grupit parlamentar t\u00eb PD, Gazment Bardhi ka reaguar swrish pas vrasjes s\u00eb gjyqtarit Astrit Kalaja n\u00eb sall\u00ebn e gjyqit, duke akuzuar kryeministrin Edi Rama dhe Ministren e Brendshme, Albana Ko\u00e7iu se kan\u00eb g\u00ebnjyer publikisht opinionin p\u00ebr p\u00ebrgjegj\u00ebsin\u00eb e Policis\u00eb s\u00eb Shtetit n\u00eb ruajtjen e siguris\u00eb s\u00eb gjykatave.<\/p>\n<p>N\u00eb nj\u00eb reagim n\u00eb rrjetet sociale, Bardhi i cil\u00ebson deklaratat e dy zyrtar\u00ebve m\u00eb t\u00eb lart\u00eb t\u00eb qeveris\u00eb si \u201cdizinformim kriminal\u201d, q\u00eb synon t\u00eb fsheh\u00eb d\u00ebshtimin institucional t\u00eb policis\u00eb p\u00ebr t\u00eb garantuar rendin dhe sigurin\u00eb n\u00eb ambientet gjyq\u00ebsore.<\/p>\n<p>Sipas Bardhit, ndryshe nga sa deklaruan Rama dhe Ko\u00e7iu, Policia e Shtetit ka p\u00ebrgjegj\u00ebsi ligjore t\u00eb qart\u00eb p\u00ebr sigurin\u00eb e gjykatave, t\u00eb p\u00ebrcaktuara n\u00eb vendimin e K\u00ebshillit t\u00eb Ministrave nr. 333, dat\u00eb 28.4.2010 dhe n\u00eb vendimin nr. 538, dat\u00eb 8.7.2020.<\/p>\n<p><strong>Reagimi i Bardhit<\/strong><\/p>\n<p>Dje pas ngjarjes s\u00eb r\u00ebnd\u00eb dhe trondit\u00ebse t\u00eb vrasjes s\u00eb nj\u00eb gjyqtari n\u00eb sall\u00ebn e gjyqit dhe n\u00eb krye t\u00eb detyr\u00ebs, fillimisht Kryeministri dhe m\u00eb pas Ministrja e Brendshme, g\u00ebnjyen publikisht opinionin publik, duke fshehur rolin e Policis\u00eb s\u00eb Shtetit n\u00eb sigurin\u00eb e gjykatave.<\/p>\n<p>Kryeministri foli p\u00ebr roje private, nd\u00ebrsa Ministrja e Brendshme p\u00ebr t\u00eb manipunuar opinionin e gj\u00ebr\u00eb publik q\u00eb shtronte me t\u00eb drejt\u00eb pyetjen \u201cse si nj\u00eb person i armatosur ka arritur t\u00eb futet n\u00eb ambientet e brendshme t\u00eb gjykat\u00ebs\u201d, g\u00ebnjeu publikisht duke deklaruar se Policia e Shtetit nuk ka n\u00eb baz\u00eb t\u00eb ligjit asnj\u00eb p\u00ebrgjegj\u00ebsi p\u00ebr kontrollin e hyrje-daljeve n\u00eb gjykata.<\/p>\n<p>Kjo \u00ebsht\u00eb nj\u00eb G\u00cbNJESHT\u00cbR!<\/p>\n<p>\u00cbsht\u00eb dizinformim me q\u00ebllim mbulimin kriminal t\u00eb s\u00eb v\u00ebrtet\u00ebs p\u00ebr ngjarjen e r\u00ebnd\u00eb, ku doli sheshit sesa t\u00eb pasigurt\u00eb jan\u00eb qytetar\u00ebt, p\u00ebrfshir\u00eb gjyqtar\u00ebt n\u00eb vendin e tyre t\u00eb pun\u00ebs, nga ikja n\u00eb drejtim t\u00eb paditur e Policis\u00eb s\u00eb Shtetit.<\/p>\n<p>Ashtu sikurse K\u00ebshilli i Lart\u00eb Gjyq\u00ebsor ka b\u00ebr\u00eb publike sot, sipas legjislacionit n\u00eb fuqi, vendimit nr. 333, dat\u00eb 28.4.2010 t\u00eb K\u00ebshillit t\u00eb Ministrave \u201cP\u00ebr ruajtjen dhe sigurin\u00eb e objekteve shtet\u00ebrore\u201d dhe vendimit nr. 538, dat\u00eb 8.7.2020 \u201cP\u00ebr p\u00ebrcaktimin e kritereve dhe t\u00eb procedurave p\u00ebr garantimin e rregullit e t\u00eb siguris\u00eb n\u00eb gjykata dhe prokurori\u201d, Policia e Shtetit ka p\u00ebrgjegj\u00ebsi p\u00ebr sigurin\u00eb n\u00eb gjykata. P\u00ebr secilin profesionist, apo edhe qytetar, q\u00eb ka qen\u00eb n\u00eb Gjykat\u00ebn e Apelit, ka konstatuar q\u00eb n\u00eb regjimin e hyrje \u2013 daljes ka gjithmon\u00eb prezent punonj\u00ebs t\u00eb Policis\u00eb s\u00eb Shtetit, t\u00eb cil\u00ebt ushtrojn\u00eb kontroll fizik edhe p\u00ebr deputet\u00ebt kur futen n\u00eb ambientet e gjykat\u00ebs, por k\u00ebt\u00eb nuk e kan\u00eb b\u00ebr\u00eb ndaj vras\u00ebsit.<\/p>\n<p>G\u00ebnjeshta e Kryeministrit dhe Ministrit t\u00eb Brendsh\u00ebm nuk \u00ebsht\u00eb thjesht dizinformim apo manipulim, por nj\u00eb akt i lart\u00eb pap\u00ebrgjegjshm\u00ebrie q\u00eb tregon munges\u00ebn minimale t\u00eb ndjeshm\u00ebris\u00eb ndaj aktit t\u00eb r\u00ebnd\u00eb q\u00eb ka tronditur mbar\u00eb opinionin publik shqiptar dhe nd\u00ebrkomb\u00ebtar.<\/p>\n<p>Akoma m\u00eb e r\u00ebnd\u00eb b\u00ebhet neglizhenca n\u00eb kryerjen e detyr\u00ebs s\u00eb Policis\u00eb s\u00eb Shtetit, kur shikon sot korrespondenc\u00ebn zyrtare midis K\u00ebshillit t\u00eb Lart\u00eb Gjyq\u00ebsor \u2013 Policis\u00eb s\u00eb Shtetit \u2013 Ministris\u00eb s\u00eb Brendshme. K\u00ebshilli i Lart\u00eb Gjyq\u00ebsor i k\u00ebrkon Policis\u00eb s\u00eb Shtetit t\u00eb zbatoj\u00eb ligjin dhe t\u00eb marr\u00eb masa p\u00ebr t\u00eb garantuar sigurin\u00eb n\u00eb gjykata p\u00ebr shkak t\u00eb shtimit t\u00eb rasteve t\u00eb k\u00ebrc\u00ebnimit t\u00eb gjyqtar\u00ebve n\u00eb kryerjen e detyr\u00ebs, dhe me pap\u00ebrgjegjshm\u00ebrin\u00eb m\u00eb t\u00eb madhe, Ministri i Brendsh\u00ebm dhe Policia e Shtetit refuzojn\u00eb t\u00eb p\u00ebrmbushin p\u00ebrgjegj\u00ebsin\u00eb ligjore me argumentin \u201cnuk kemi burime t\u00eb mjaftueshme njer\u00ebzore\u201d.<\/p>\n<p>Manipulimi i t\u00eb v\u00ebrtet\u00ebs nga Ministri i Brendsh\u00ebm vijonte edhe m\u00eb tej, kur deklaronte se Policia e Shtetit ka nd\u00ebrhyr\u00eb menj\u00ebher\u00eb dhe ka arrestuar autorin. Pamjet e b\u00ebra publike sot nga media, provonin krejt\u00ebsisht t\u00eb kund\u00ebrt\u00ebn. Ishte autori i k\u00ebtij krimi t\u00eb r\u00ebnd\u00eb q\u00eb th\u00ebrriste punonj\u00ebsit e Policis\u00eb s\u00eb Shtetit q\u00eb ta arrestonin. Pra nuk ishte nd\u00ebrhyrja e Policis\u00eb, por vet\u00ebdor\u00ebzimi, q\u00eb \u00e7uan n\u00eb arrestimin e autorit.<\/p>\n<p>Deri dje ishim n\u00eb p\u00ebrgjegjsin\u00eb politike q\u00eb kishte Ministri i Brendsh\u00ebm p\u00ebr sigurin\u00eb n\u00eb gjykata. Sot pas tentativ\u00ebs p\u00ebr t\u00eb manipuluar p\u00ebrgjegj\u00ebsin\u00eb shtet\u00ebrore t\u00eb Policis\u00eb s\u00eb Shtetit dhe t\u00eb v\u00ebrtet\u00ebn p\u00ebr ngjarjen, Ministri i Brendsh\u00ebm ka treguar pap\u00ebrgjegjshm\u00ebri institucionale, munges\u00eb minimale ndjeshm\u00ebrie shtet\u00ebrore dhe njer\u00ebzore, q\u00eb e b\u00ebjn\u00eb m\u00eb urgjente se kurr\u00eb dor\u00ebheqjen nga detyra.<\/p>\n<p>Apeloj prokuror\u00ebt e SPAK q\u00eb t\u00eb hetojn\u00eb rolin dhe p\u00ebrgjegj\u00ebsit\u00eb e pap\u00ebrmbushura t\u00eb ministrave t\u00eb Brendsh\u00ebm dhe drejtor\u00ebve t\u00eb P\u00ebrgjithsh\u00ebm t\u00eb Policis\u00eb s\u00eb Shtetit nga viti 2023 e n\u00eb vijim, t\u00eb cil\u00ebt me mosveprimet e tyre n\u00eb kund\u00ebrshtim me ligjin kan\u00eb shp\u00ebrdoruar detyr\u00ebn me pasoja shum\u00eb t\u00eb r\u00ebnda si\u00e7 \u00ebsht\u00eb vrasja e nj\u00eb gjyqtari n\u00eb krye t\u00eb detyr\u00ebs.<\/p>\n","protected":false},"excerpt":{"rendered":"<p>Kryetari i grupit parlamentar t\u00eb PD, Gazment Bardhi ka reaguar swrish pas vrasjes s\u00eb gjyqtarit Astrit Kalaja n\u00eb sall\u00ebn e gjyqit, duke akuzuar kryeministrin Edi Rama dhe Ministren e Brendshme, Albana Ko\u00e7iu se kan\u00eb g\u00ebnjyer publikisht opinionin p\u00ebr p\u00ebrgjegj\u00ebsin\u00eb e Policis\u00eb s\u00eb Shtetit n\u00eb ruajtjen e siguris\u00eb s\u00eb gjykatave. N\u00eb nj\u00eb reagim n\u00eb rrjetet sociale, &hellip;<\/p>\n","protected":false},"author":4,"featured_media":125105,"comment_status":"closed","ping_status":"closed","sticky":false,"template":"","format":"standard","meta":{"footnotes":""},"categories":[37],"tags":[],"class_list":["post-125104","post","type-post","status-publish","format-standard","has-post-thumbnail","","category-politike"],"_links":{"self":[{"href":"https:\/\/rdnews.al\/index.php\/wp-json\/wp\/v2\/posts\/125104","targetHints":{"allow":["GET"]}}],"collection":[{"href":"https:\/\/rdnews.al\/index.php\/wp-json\/wp\/v2\/posts"}],"about":[{"href":"https:\/\/rdnews.al\/index.php\/wp-json\/wp\/v2\/types\/post"}],"author":[{"embeddable":true,"href":"https:\/\/rdnews.al\/index.php\/wp-json\/wp\/v2\/users\/4"}],"replies":[{"embeddable":true,"href":"https:\/\/rdnews.al\/index.php\/wp-json\/wp\/v2\/comments?post=125104"}],"version-history":[{"count":1,"href":"https:\/\/rdnews.al\/index.php\/wp-json\/wp\/v2\/posts\/125104\/revisions"}],"predecessor-version":[{"id":125106,"href":"https:\/\/rdnews.al\/index.php\/wp-json\/wp\/v2\/posts\/125104\/revisions\/125106"}],"wp:featuredmedia":[{"embeddable":true,"href":"https:\/\/rdnews.al\/index.php\/wp-json\/wp\/v2\/media\/125105"}],"wp:attachment":[{"href":"https:\/\/rdnews.al\/index.php\/wp-json\/wp\/v2\/media?parent=125104"}],"wp:term":[{"taxonomy":"category","embeddable":true,"href":"https:\/\/rdnews.al\/index.php\/wp-json\/wp\/v2\/categories?post=125104"},{"taxonomy":"post_tag","embeddable":true,"href":"https:\/\/rdnews.al\/index.php\/wp-json\/wp\/v2\/tags?post=125104"}],"curies":[{"name":"wp","href":"https:\/\/api.w.org\/{rel}","templated":true}]}}