{"id":125124,"date":"2025-10-07T17:59:05","date_gmt":"2025-10-07T17:59:05","guid":{"rendered":"https:\/\/rdnews.al\/?p=125124"},"modified":"2025-10-07T17:59:05","modified_gmt":"2025-10-07T17:59:05","slug":"nga-arresti-shtepiak-kandidat-per-kryetar-bashkie-kush-eshte-ish-gardisti-qe-ka-zgjedhur-rama-per-tepelenen","status":"publish","type":"post","link":"https:\/\/rdnews.al\/index.php\/2025\/10\/07\/nga-arresti-shtepiak-kandidat-per-kryetar-bashkie-kush-eshte-ish-gardisti-qe-ka-zgjedhur-rama-per-tepelenen\/","title":{"rendered":"Nga arresti sht\u00ebpiak kandidat p\u00ebr kryetar bashkie, kush \u00ebsht\u00eb ish-gardisti q\u00eb ka zgjedhur Rama p\u00ebr Tepelen\u00ebn"},"content":{"rendered":"<p>Gramoz Sako, ish-komandant i Gard\u00ebs s\u00eb Republik\u00ebs, tashm\u00eb kandidat i PS p\u00ebr Bashkin\u00eb e Tepelen\u00ebs, po ngre shum\u00eb pik\u00ebpyetje p\u00ebr figur\u00ebn e tij publike.<\/p>\n<p>Nj\u00eb dokument i Komisionit t\u00eb Vler\u00ebsimit n\u00eb kuad\u00ebr t\u00eb procesit t\u00eb Vettingut n\u00eb Polici ka zbuluar nj\u00eb s\u00ebr\u00eb problematikash q\u00eb lidhen me pasurin\u00eb dhe konfliktin e interesit, \u00e7\u00ebshtje q\u00eb, s\u00ebrish nuk penguan rrug\u00ebtimin e tij drejt kandidimit politik.<\/p>\n<p>N\u00eb shkurt t\u00eb vitit 2020, trupa e vler\u00ebsimit, e p\u00ebrb\u00ebr\u00eb nga Mirela Ujkani (Miti), Alban Laska dhe Artur Baku, ka konstatuar se Sako nuk ka qen\u00eb i sakt\u00eb n\u00eb deklarimin e pasuris\u00eb.<br \/>\nAsokohe deklarohej se Sako zot\u00ebron nj\u00eb apartament n\u00eb em\u00ebr t\u00eb bashk\u00ebshortes dhe ka marr\u00eb nj\u00eb kredi 3 milion\u00eb lek\u00ebshe p\u00ebr blerjen e tij, t\u00eb shlyer p\u00ebr vet\u00ebm tre vite.<\/p>\n<p>N\u00eb deklarimet zyrtare, Sako kishte raportuar edhe blerjen e nj\u00eb apartamenti tjet\u00ebr n\u00eb Tiran\u00eb, pa deklarat\u00eb noteriale, t\u00eb cilin e ka shnd\u00ebrruar n\u00eb klinik\u00eb dentare, me pajisje n\u00eb vler\u00ebn 36 mij\u00eb euro, financuar pjes\u00ebrisht nga nj\u00eb hua prej 14 mij\u00eb eurosh nga kunati, me burim t\u00eb paqart\u00eb n\u00eb Itali.<\/p>\n<p>Komisioni ka evidentuar mosp\u00ebrputhje n\u00eb vler\u00ebn e investimeve n\u00eb klinik\u00eb dhe munges\u00eb dokumentimi p\u00ebr burimet e financimit, nd\u00ebrsa Sako nuk ka deklaruar sakt\u00ebsisht as shum\u00ebn e huas\u00eb, duke shkelur detyrimin ligjor p\u00ebr deklarim t\u00eb plot\u00eb.<\/p>\n<p>N\u00eb list\u00ebn e pasurive t\u00eb tij shfaqet edhe nj\u00eb Toyota Land Cruiser, e cila rezulton e \u00e7regjistruar. Sipas DPSHTRR, makina \u00ebsht\u00eb bler\u00eb me 450 mij\u00eb lek\u00eb dhe m\u00eb pas e shitur p\u00ebr 15 mij\u00eb euro, nj\u00eb diferenc\u00eb e madhe q\u00eb komisioni e ka konsideruar \u201ct\u00eb pajustifikuar\u201d.<br \/>\nNd\u00ebrkoh\u00eb, bashk\u00ebshortja e tij ka raportuar t\u00eb ardhura 1.4 milion\u00eb lek\u00eb m\u00eb shum\u00eb se sa deklarimet zyrtare pran\u00eb tatimeve, duke ngritur dyshime p\u00ebr evazion fiskal.<\/p>\n<p><strong>Konflikte interesi\u00a0<\/strong><\/p>\n<p>Nj\u00eb tjet\u00ebr pik\u00eb e r\u00ebnd\u00eb n\u00eb dosjen e Sakos lidhet me favorizime familjare dhe abuzime n\u00eb Gard\u00eb.<br \/>\nN\u00eb vitin 2019, nj\u00eb grup gardist\u00ebsh e ka denoncuar n\u00eb Komisionin e Vler\u00ebsimit p\u00ebr rritje gradash pa kriter, abuzime me dieta dhe sjellje joprofesionale.<br \/>\nN\u00eb k\u00ebt\u00eb periudh\u00eb, n\u00eb strukturat e Gard\u00ebs \u00ebsht\u00eb pun\u00ebsuar edhe mbesa e Sakos, vajza e motr\u00ebs s\u00eb tij, si juriste. Edhe pse ai ka mohuar \u00e7do konflikt interesi, komisioni ka vler\u00ebsuar se ka kryer favorizim familjar dhe se figura e tij morale cenohet.<\/p>\n<p>N\u00eb dosje p\u00ebrmendet gjithashtu se Sako, p\u00ebrpara se t\u00eb pranonte detyr\u00ebn n\u00eb Gard\u00eb n\u00eb vitin 1997, ka qen\u00eb n\u00eb arrest sht\u00ebpie p\u00ebr nj\u00eb \u00e7\u00ebshtje penale t\u00eb pushuar m\u00eb pas.<\/p>\n<p>Dosja e tij n\u00eb vetting ngre pyetje t\u00eb forta mbi standardet e p\u00ebrzgjedhjes dhe filtrat moral\u00eb t\u00eb kandidat\u00ebve q\u00eb dalin nga strukturat e siguris\u00eb.<\/p>\n","protected":false},"excerpt":{"rendered":"<p>Gramoz Sako, ish-komandant i Gard\u00ebs s\u00eb Republik\u00ebs, tashm\u00eb kandidat i PS p\u00ebr Bashkin\u00eb e Tepelen\u00ebs, po ngre shum\u00eb pik\u00ebpyetje p\u00ebr figur\u00ebn e tij publike. Nj\u00eb dokument i Komisionit t\u00eb Vler\u00ebsimit n\u00eb kuad\u00ebr t\u00eb procesit t\u00eb Vettingut n\u00eb Polici ka zbuluar nj\u00eb s\u00ebr\u00eb problematikash q\u00eb lidhen me pasurin\u00eb dhe konfliktin e interesit, \u00e7\u00ebshtje q\u00eb, s\u00ebrish nuk &hellip;<\/p>\n","protected":false},"author":4,"featured_media":125125,"comment_status":"closed","ping_status":"closed","sticky":false,"template":"","format":"standard","meta":{"footnotes":""},"categories":[37],"tags":[],"class_list":["post-125124","post","type-post","status-publish","format-standard","has-post-thumbnail","","category-politike"],"_links":{"self":[{"href":"https:\/\/rdnews.al\/index.php\/wp-json\/wp\/v2\/posts\/125124","targetHints":{"allow":["GET"]}}],"collection":[{"href":"https:\/\/rdnews.al\/index.php\/wp-json\/wp\/v2\/posts"}],"about":[{"href":"https:\/\/rdnews.al\/index.php\/wp-json\/wp\/v2\/types\/post"}],"author":[{"embeddable":true,"href":"https:\/\/rdnews.al\/index.php\/wp-json\/wp\/v2\/users\/4"}],"replies":[{"embeddable":true,"href":"https:\/\/rdnews.al\/index.php\/wp-json\/wp\/v2\/comments?post=125124"}],"version-history":[{"count":1,"href":"https:\/\/rdnews.al\/index.php\/wp-json\/wp\/v2\/posts\/125124\/revisions"}],"predecessor-version":[{"id":125126,"href":"https:\/\/rdnews.al\/index.php\/wp-json\/wp\/v2\/posts\/125124\/revisions\/125126"}],"wp:featuredmedia":[{"embeddable":true,"href":"https:\/\/rdnews.al\/index.php\/wp-json\/wp\/v2\/media\/125125"}],"wp:attachment":[{"href":"https:\/\/rdnews.al\/index.php\/wp-json\/wp\/v2\/media?parent=125124"}],"wp:term":[{"taxonomy":"category","embeddable":true,"href":"https:\/\/rdnews.al\/index.php\/wp-json\/wp\/v2\/categories?post=125124"},{"taxonomy":"post_tag","embeddable":true,"href":"https:\/\/rdnews.al\/index.php\/wp-json\/wp\/v2\/tags?post=125124"}],"curies":[{"name":"wp","href":"https:\/\/api.w.org\/{rel}","templated":true}]}}