{"id":125135,"date":"2025-10-07T20:41:21","date_gmt":"2025-10-07T20:41:21","guid":{"rendered":"https:\/\/rdnews.al\/?p=125135"},"modified":"2025-10-07T20:42:04","modified_gmt":"2025-10-07T20:42:04","slug":"kryebashkiaku-i-fierit-i-jep-djalit-te-gramoz-rucit-50-mije-m2-toke","status":"publish","type":"post","link":"https:\/\/rdnews.al\/index.php\/2025\/10\/07\/kryebashkiaku-i-fierit-i-jep-djalit-te-gramoz-rucit-50-mije-m2-toke\/","title":{"rendered":"Kryebashkiaku i Fierit i jep djalit t\u00eb Gramoz Ru\u00e7it 50 mij\u00eb m2 tok\u00eb"},"content":{"rendered":"<div class=\"xdj266r x14z9mp xat24cr x1lziwak x1vvkbs x126k92a\">\n<div dir=\"auto\">Djali i ish-kryetarit t\u00eb Kuvendit, Gramoz Ru\u00e7i, ka p\u00ebrfituar nj\u00eb sip\u00ebrfaqe gjigante toke buz\u00eb detit Adriatik, n\u00eb zon\u00ebn e Topoj\u00ebs, Fier, p\u00ebr nd\u00ebrtimin e nj\u00eb parku fotovoltaik, me firm\u00ebn personale t\u00eb kryebashkiakut Armando Subashi, dikur vart\u00ebs politik i vet\u00eb Ru\u00e7it.<\/div>\n<\/div>\n<div class=\"x14z9mp xat24cr x1lziwak x1vvkbs xtlvy1s x126k92a\">\n<div dir=\"auto\">Sipas dokumenteve zyrtare, Ledian Ru\u00e7i, p\u00ebrmes kompanis\u00eb s\u00eb tij \u201cSLR Albania\u201d sh.p.k., ka marr\u00eb n\u00eb p\u00ebrdorim 50.000 metra katror\u00eb tok\u00eb ranishte n\u00eb zon\u00ebn kadastrale nr. 3358, me kontrat\u00eb qiraje t\u00eb firmosur m\u00eb 9 korrik 2022 nd\u00ebrmjet Bashkis\u00eb Fier dhe subjektit privat.<\/div>\n<\/div>\n<div class=\"x14z9mp xat24cr x1lziwak x1vvkbs xtlvy1s x126k92a\">\n<div dir=\"auto\">N\u00eb t\u00eb nj\u00ebjt\u00ebn pasuri, kompania ka planifikuar nd\u00ebrtimin e nj\u00eb impianti gjenerues t\u00eb energjis\u00eb elektrike fotovoltaike me kapacitet 2 MW dhe veprat ndihm\u00ebse p\u00ebrkat\u00ebse. Projekti \u00ebsht\u00eb miratuar s\u00eb fundmi nga K\u00ebshilli Komb\u00ebtar i Territorit dhe Ujit, duke i hapur rrug\u00eb nd\u00ebrtimit t\u00eb parkut diellor n\u00eb nj\u00eb prej zonave m\u00eb t\u00eb lakmuara t\u00eb bregdetit fierak.<\/div>\n<\/div>\n<div class=\"x14z9mp xat24cr x1lziwak x1vvkbs xtlvy1s x126k92a\">\n<div dir=\"auto\">N\u00eb dokumentet shoq\u00ebruese theksohet se:<\/div>\n<\/div>\n<div class=\"x14z9mp xat24cr x1lziwak x1vvkbs xtlvy1s x126k92a\">\n<div dir=\"auto\">\u201cSip\u00ebrfaqja e p\u00ebrgjithshme e pron\u00ebs s\u00eb marr\u00eb me qira \u00ebsht\u00eb 50.000 m\u00b2, nd\u00ebrsa sheshi i nd\u00ebrtimit p\u00ebr zhvillimin e parkut fotovoltaik p\u00ebrfshin rreth 20.000 m\u00b2.\u201d<\/div>\n<\/div>\n<div class=\"x14z9mp xat24cr x1lziwak x1vvkbs xtlvy1s x126k92a\">\n<div dir=\"auto\">Kompania \u201cSLR Albania\u201d rezulton n\u00eb pron\u00ebsi t\u00eb plot\u00eb t\u00eb Ledian Ru\u00e7it, i lindur n\u00eb Tepelen\u00eb dhe banues n\u00eb Tiran\u00eb. Shoq\u00ebria \u00ebsht\u00eb krijuar n\u00eb vitin 2022 dhe ka si objekt veprimtarie projektet e prodhimit t\u00eb energjis\u00eb diellore dhe t\u00eb er\u00ebs n\u00eb territorin shqiptar.<\/div>\n<\/div>\n<div class=\"x14z9mp xat24cr x1lziwak x1vvkbs xtlvy1s x126k92a\">\n<div dir=\"auto\">Megjith\u00ebse formalisht \u00ebsht\u00eb nj\u00eb sip\u00ebrmarrje private, lidhjet e ngushta mes p\u00ebrfituesit dhe drejtuesve t\u00eb institucioneve q\u00eb kan\u00eb dh\u00ebn\u00eb lejet ngrejn\u00eb dyshime p\u00ebr konflikt t\u00eb past\u00ebr interesi. Armando Subashi, firm\u00ebtari i kontrat\u00ebs s\u00eb qiras\u00eb dhe kryetar i Bashkis\u00eb Fier, ka qen\u00eb p\u00ebr vite me radh\u00eb njeriu politik m\u00eb i af\u00ebrt i Gramoz Ru\u00e7it n\u00eb qarkun e Fierit.<\/div>\n<\/div>\n<div class=\"x14z9mp xat24cr x1lziwak x1vvkbs xtlvy1s x126k92a\">\n<div dir=\"auto\">N\u00eb k\u00ebt\u00eb m\u00ebnyr\u00eb, vet\u00ebm tre vite pas dor\u00ebheqjes s\u00eb Ru\u00e7it nga jeta parlamentare, djali i tij arrin t\u00eb siguroj\u00eb nj\u00eb pasuri publike strategjike, n\u00eb nj\u00eb zon\u00eb ku nd\u00ebrtime t\u00eb tilla jan\u00eb kufizuar p\u00ebr shkak t\u00eb mbrojtjes s\u00eb bregdetit dhe karakterit ranor t\u00eb tok\u00ebs.<\/div>\n<\/div>\n<div class=\"x14z9mp xat24cr x1lziwak x1vvkbs xtlvy1s x126k92a\">\n<div dir=\"auto\">Nj\u00eb leje me pesh\u00eb politike, q\u00eb tregon se pushteti dhe ndikimi nuk dalin kurr\u00eb n\u00eb pension, thjesht kalojn\u00eb brez pas brezi.<\/div>\n<\/div>\n","protected":false},"excerpt":{"rendered":"<p>Djali i ish-kryetarit t\u00eb Kuvendit, Gramoz Ru\u00e7i, ka p\u00ebrfituar nj\u00eb sip\u00ebrfaqe gjigante toke buz\u00eb detit Adriatik, n\u00eb zon\u00ebn e Topoj\u00ebs, Fier, p\u00ebr nd\u00ebrtimin e nj\u00eb parku fotovoltaik, me firm\u00ebn personale t\u00eb kryebashkiakut Armando Subashi, dikur vart\u00ebs politik i vet\u00eb Ru\u00e7it. Sipas dokumenteve zyrtare, Ledian Ru\u00e7i, p\u00ebrmes kompanis\u00eb s\u00eb tij \u201cSLR Albania\u201d sh.p.k., ka marr\u00eb n\u00eb &hellip;<\/p>\n","protected":false},"author":3,"featured_media":125129,"comment_status":"closed","ping_status":"closed","sticky":false,"template":"","format":"standard","meta":{"footnotes":""},"categories":[37],"tags":[],"class_list":["post-125135","post","type-post","status-publish","format-standard","has-post-thumbnail","","category-politike"],"_links":{"self":[{"href":"https:\/\/rdnews.al\/index.php\/wp-json\/wp\/v2\/posts\/125135","targetHints":{"allow":["GET"]}}],"collection":[{"href":"https:\/\/rdnews.al\/index.php\/wp-json\/wp\/v2\/posts"}],"about":[{"href":"https:\/\/rdnews.al\/index.php\/wp-json\/wp\/v2\/types\/post"}],"author":[{"embeddable":true,"href":"https:\/\/rdnews.al\/index.php\/wp-json\/wp\/v2\/users\/3"}],"replies":[{"embeddable":true,"href":"https:\/\/rdnews.al\/index.php\/wp-json\/wp\/v2\/comments?post=125135"}],"version-history":[{"count":1,"href":"https:\/\/rdnews.al\/index.php\/wp-json\/wp\/v2\/posts\/125135\/revisions"}],"predecessor-version":[{"id":125139,"href":"https:\/\/rdnews.al\/index.php\/wp-json\/wp\/v2\/posts\/125135\/revisions\/125139"}],"wp:featuredmedia":[{"embeddable":true,"href":"https:\/\/rdnews.al\/index.php\/wp-json\/wp\/v2\/media\/125129"}],"wp:attachment":[{"href":"https:\/\/rdnews.al\/index.php\/wp-json\/wp\/v2\/media?parent=125135"}],"wp:term":[{"taxonomy":"category","embeddable":true,"href":"https:\/\/rdnews.al\/index.php\/wp-json\/wp\/v2\/categories?post=125135"},{"taxonomy":"post_tag","embeddable":true,"href":"https:\/\/rdnews.al\/index.php\/wp-json\/wp\/v2\/tags?post=125135"}],"curies":[{"name":"wp","href":"https:\/\/api.w.org\/{rel}","templated":true}]}}