{"id":125141,"date":"2025-10-07T20:45:04","date_gmt":"2025-10-07T20:45:04","guid":{"rendered":"https:\/\/rdnews.al\/?p=125141"},"modified":"2025-10-07T20:45:04","modified_gmt":"2025-10-07T20:45:04","slug":"agron-shehaj-mbeshtet-binajn-per-tiranen-jam-100-i-bindur-se-mund-te-fitojme","status":"publish","type":"post","link":"https:\/\/rdnews.al\/index.php\/2025\/10\/07\/agron-shehaj-mbeshtet-binajn-per-tiranen-jam-100-i-bindur-se-mund-te-fitojme\/","title":{"rendered":"Agron Shehaj mb\u00ebshtet Binajn p\u00ebr Tiran\u00ebn\/ Jam 100% i bindur se mund t\u00eb fitojm\u00eb!"},"content":{"rendered":"<p>Kryetari i Partis\u00eb Mund\u00ebsia, Agron Shehaj, ka deklaruar mb\u00ebshtetjen e tij p\u00ebr kandidatin e pavarur p\u00ebr kryebashkiak t\u00eb Tiran\u00ebs, Florian Binaj.<\/p>\n<p>Shehaj, edhe pse pati rezerva p\u00ebr negociatat me PD-n\u00eb, p\u00ebr t\u00eb cilat tha se &#8220;u pre n\u00eb bes\u00eb&#8221;, deklaroi se do ta mb\u00ebshtes\u00eb kandidatur\u00ebn e Binajt, pasi ai plot\u00ebson t\u00eb gjith\u00eb kriteret p\u00ebr t\u00eb cilat forcat opozitare kishin r\u00ebn\u00eb dakord, nd\u00ebrkoh\u00eb q\u00eb deklaroi se beson q\u00eb fitorja\u00a0\u00ebsht\u00eb plot\u00ebsisht e mundur me k\u00ebt\u00eb kandidat.<\/p>\n<p>Kujtojm\u00eb se Florian Binaj\u00a0\u00ebsht\u00eb mb\u00ebshtetur edhe nga Partia Demokratike, Shqip\u00ebria B\u00ebhet e Adriatik Lapajt, Nisma Thurje e Shabanit dhe partit\u00eb e tjera aleate me PD-n\u00eb, nj\u00eb formul\u00eb e re ku nj\u00eb kandidat i pavarur, duket se ka unifikuar opozit\u00ebn.<\/p>\n<p>&#8220;Pavar\u00ebsisht problemeve q\u00eb mund t\u00eb kemi me PD, q\u00ebllimi \u00ebsht\u00eb ti japim Tiran\u00ebs nj\u00eb kandidat t\u00eb pakorruptuar. Do ta mb\u00ebshtesim Binajn sikur t\u00eb kishte qen\u00eb em\u00ebr i propozuar nga ne.\u00a0 Mb\u00ebshtetja ndaj Binajt do t\u00eb jet\u00eb n\u00eb t\u00eb gjith\u00eb format q\u00eb ai e gjykon t\u00eb nevojshme. Do ta mb\u00ebshtesim sikur t\u00eb ket\u00eb qen\u00eb kandidati yn\u00eb.<\/p>\n<p>Jam i bindur q\u00eb Binaj duhet t\u00eb b\u00ebj\u00eb nj\u00eb fushat\u00eb jo me kryetar\u00ebt e partive, por me qytetar\u00ebt. \u00cbsht\u00eb n\u00eb dor\u00ebn e tij t\u00eb thot\u00eb ju dua apo nuk ju dua.<\/p>\n<p>Jam i bindur q\u00eb formula q\u00eb kemi zgjedhur \u00ebsht\u00eb fituese dhe ky kandidat mund t\u00eb fitoj\u00eb dhe ne do t\u00eb punojm\u00eb q\u00eb ai t\u00eb fitoj\u00eb! Jam i bindur 100 p\u00ebrqind q\u00eb mund t\u00eb fitojm\u00eb dhe ky em\u00ebr do t\u00eb marr\u00eb rezultatin m\u00eb t\u00eb mir\u00eb&#8221;, tha nd\u00ebr t\u00eb tjera Shehaj.<\/p>\n<p>Kandidatur\u00ebn e Binajt e ka mb\u00ebshtetur edhe Ermal Hasimja, nj\u00eb nga personat q\u00eb u p\u00ebrmend vazhdimisht si nj\u00eb kandidat potencial n\u00eb k\u00ebto zgjedhje.<\/p>\n<p>Kujtojm\u00eb se n\u00eb gar\u00ebn e Tiran\u00ebs, kandidon Ogerta Manastirliu nga Partia Socialiste, Arlind Qori nga L\u00ebvizja Bashk\u00eb dhe Florian Binaj, si kandidat i pavarur, por i mb\u00ebshtetur nga nj\u00eb front i gjer\u00eb opozitar.<\/p>\n","protected":false},"excerpt":{"rendered":"<p>Kryetari i Partis\u00eb Mund\u00ebsia, Agron Shehaj, ka deklaruar mb\u00ebshtetjen e tij p\u00ebr kandidatin e pavarur p\u00ebr kryebashkiak t\u00eb Tiran\u00ebs, Florian Binaj. Shehaj, edhe pse pati rezerva p\u00ebr negociatat me PD-n\u00eb, p\u00ebr t\u00eb cilat tha se &#8220;u pre n\u00eb bes\u00eb&#8221;, deklaroi se do ta mb\u00ebshtes\u00eb kandidatur\u00ebn e Binajt, pasi ai plot\u00ebson t\u00eb gjith\u00eb kriteret p\u00ebr t\u00eb &hellip;<\/p>\n","protected":false},"author":3,"featured_media":125142,"comment_status":"closed","ping_status":"closed","sticky":false,"template":"","format":"standard","meta":{"footnotes":""},"categories":[37],"tags":[],"class_list":["post-125141","post","type-post","status-publish","format-standard","has-post-thumbnail","","category-politike"],"_links":{"self":[{"href":"https:\/\/rdnews.al\/index.php\/wp-json\/wp\/v2\/posts\/125141","targetHints":{"allow":["GET"]}}],"collection":[{"href":"https:\/\/rdnews.al\/index.php\/wp-json\/wp\/v2\/posts"}],"about":[{"href":"https:\/\/rdnews.al\/index.php\/wp-json\/wp\/v2\/types\/post"}],"author":[{"embeddable":true,"href":"https:\/\/rdnews.al\/index.php\/wp-json\/wp\/v2\/users\/3"}],"replies":[{"embeddable":true,"href":"https:\/\/rdnews.al\/index.php\/wp-json\/wp\/v2\/comments?post=125141"}],"version-history":[{"count":1,"href":"https:\/\/rdnews.al\/index.php\/wp-json\/wp\/v2\/posts\/125141\/revisions"}],"predecessor-version":[{"id":125143,"href":"https:\/\/rdnews.al\/index.php\/wp-json\/wp\/v2\/posts\/125141\/revisions\/125143"}],"wp:featuredmedia":[{"embeddable":true,"href":"https:\/\/rdnews.al\/index.php\/wp-json\/wp\/v2\/media\/125142"}],"wp:attachment":[{"href":"https:\/\/rdnews.al\/index.php\/wp-json\/wp\/v2\/media?parent=125141"}],"wp:term":[{"taxonomy":"category","embeddable":true,"href":"https:\/\/rdnews.al\/index.php\/wp-json\/wp\/v2\/categories?post=125141"},{"taxonomy":"post_tag","embeddable":true,"href":"https:\/\/rdnews.al\/index.php\/wp-json\/wp\/v2\/tags?post=125141"}],"curies":[{"name":"wp","href":"https:\/\/api.w.org\/{rel}","templated":true}]}}