{"id":125153,"date":"2025-10-08T08:41:23","date_gmt":"2025-10-08T08:41:23","guid":{"rendered":"https:\/\/rdnews.al\/?p=125153"},"modified":"2025-10-08T08:58:36","modified_gmt":"2025-10-08T08:58:36","slug":"ps-kunder-interpelances-me-ramen-per-fondet-ipard-bardhi-mazhoranca-po-shkel-kushtetuten","status":"publish","type":"post","link":"https:\/\/rdnews.al\/index.php\/2025\/10\/08\/ps-kunder-interpelances-me-ramen-per-fondet-ipard-bardhi-mazhoranca-po-shkel-kushtetuten\/","title":{"rendered":"PS kund\u00ebr interpelanc\u00ebs me Ram\u00ebn p\u00ebr fondet IPARD, Bardhi: Mazhoranca po shkel Kushtetut\u00ebn!"},"content":{"rendered":"<p>N\u00eb mbledhjen e sotme t\u00eb Konferenc\u00ebs s\u00eb Kryetar\u00ebve, Partia Demokratike ka akuzuar mazhoranc\u00ebn se ka shkelur Kushtetut\u00ebn dhe Rregulloren e Kuvendit, pasi nuk \u00ebsht\u00eb p\u00ebrfshir\u00eb n\u00eb rendin e dit\u00ebs k\u00ebrkesa p\u00ebr interpelanc\u00ebn urgjente me kryeministrin Edi Rama lidhur me fondet e programit IPARD.<\/p>\n<p>Kreu i grupit parlamentar t\u00eb PD-s\u00eb, Gazment Bardhi, tha se k\u00ebrkesa p\u00ebr mocion nuk \u00ebsht\u00eb hedhur fare n\u00eb votim, duke e cil\u00ebsuar k\u00ebt\u00eb si nj\u00eb veprim t\u00eb q\u00ebllimsh\u00ebm nga mazhoranca.<\/p>\n<p>\u201cKeni sjell\u00eb rendin e dit\u00ebs, por mungojn\u00eb dy \u00e7\u00ebshtje q\u00eb i keni detyrim. E para, interpelanca urgjente me Kryeministrin, q\u00eb duhej t\u00eb ishte pika e par\u00eb e rendit t\u00eb dit\u00ebs. Duke mos e p\u00ebrfshir\u00eb, ju keni shkelur n\u00eb m\u00ebnyr\u00eb flagrante Kushtetut\u00ebn dhe Rregulloren e Kuvendit.<\/p>\n<p>E dyta, k\u00ebrkesat p\u00ebr mocionet duhet t\u00eb vijn\u00eb n\u00eb Kuvend dhe t\u00eb hidhen n\u00eb votim. Ju, znj. Kryetare, vazhdoni t\u00eb shkelni Kushtetut\u00ebn n\u00eb m\u00ebnyr\u00eb sistematike,\u201d u shpreh Bardhi.<\/p>\n<p>PD ka k\u00ebrkuar q\u00eb Kuvendi t\u00eb trajtoj\u00eb me urgjenc\u00eb \u00e7\u00ebshtjen e fondeve IPARD, t\u00eb cilat, sipas saj, jan\u00eb p\u00ebrdorur n\u00eb m\u00ebnyr\u00eb klienteliste dhe pa transparenc\u00eb. Deri m\u00eb tani, mazhoranca nuk ka dh\u00ebn\u00eb nj\u00eb reagim lidhur me k\u00ebto akuza.<\/p>\n","protected":false},"excerpt":{"rendered":"<p>N\u00eb mbledhjen e sotme t\u00eb Konferenc\u00ebs s\u00eb Kryetar\u00ebve, Partia Demokratike ka akuzuar mazhoranc\u00ebn se ka shkelur Kushtetut\u00ebn dhe Rregulloren e Kuvendit, pasi nuk \u00ebsht\u00eb p\u00ebrfshir\u00eb n\u00eb rendin e dit\u00ebs k\u00ebrkesa p\u00ebr interpelanc\u00ebn urgjente me kryeministrin Edi Rama lidhur me fondet e programit IPARD. Kreu i grupit parlamentar t\u00eb PD-s\u00eb, Gazment Bardhi, tha se k\u00ebrkesa p\u00ebr &hellip;<\/p>\n","protected":false},"author":4,"featured_media":125154,"comment_status":"closed","ping_status":"closed","sticky":false,"template":"","format":"standard","meta":{"footnotes":""},"categories":[37],"tags":[],"class_list":["post-125153","post","type-post","status-publish","format-standard","has-post-thumbnail","","category-politike"],"_links":{"self":[{"href":"https:\/\/rdnews.al\/index.php\/wp-json\/wp\/v2\/posts\/125153","targetHints":{"allow":["GET"]}}],"collection":[{"href":"https:\/\/rdnews.al\/index.php\/wp-json\/wp\/v2\/posts"}],"about":[{"href":"https:\/\/rdnews.al\/index.php\/wp-json\/wp\/v2\/types\/post"}],"author":[{"embeddable":true,"href":"https:\/\/rdnews.al\/index.php\/wp-json\/wp\/v2\/users\/4"}],"replies":[{"embeddable":true,"href":"https:\/\/rdnews.al\/index.php\/wp-json\/wp\/v2\/comments?post=125153"}],"version-history":[{"count":4,"href":"https:\/\/rdnews.al\/index.php\/wp-json\/wp\/v2\/posts\/125153\/revisions"}],"predecessor-version":[{"id":125158,"href":"https:\/\/rdnews.al\/index.php\/wp-json\/wp\/v2\/posts\/125153\/revisions\/125158"}],"wp:featuredmedia":[{"embeddable":true,"href":"https:\/\/rdnews.al\/index.php\/wp-json\/wp\/v2\/media\/125154"}],"wp:attachment":[{"href":"https:\/\/rdnews.al\/index.php\/wp-json\/wp\/v2\/media?parent=125153"}],"wp:term":[{"taxonomy":"category","embeddable":true,"href":"https:\/\/rdnews.al\/index.php\/wp-json\/wp\/v2\/categories?post=125153"},{"taxonomy":"post_tag","embeddable":true,"href":"https:\/\/rdnews.al\/index.php\/wp-json\/wp\/v2\/tags?post=125153"}],"curies":[{"name":"wp","href":"https:\/\/api.w.org\/{rel}","templated":true}]}}