{"id":125166,"date":"2025-10-08T09:17:21","date_gmt":"2025-10-08T09:17:21","guid":{"rendered":"https:\/\/rdnews.al\/?p=125166"},"modified":"2025-10-08T09:46:07","modified_gmt":"2025-10-08T09:46:07","slug":"zhupa-mazhoranca-nuk-do-debat-sepse-me-fondet-e-be-jane-ngritur-vila-ne-dhermi","status":"publish","type":"post","link":"https:\/\/rdnews.al\/index.php\/2025\/10\/08\/zhupa-mazhoranca-nuk-do-debat-sepse-me-fondet-e-be-jane-ngritur-vila-ne-dhermi\/","title":{"rendered":"Zhupa: Mazhoranca nuk do debat sepse me fondet e BE ka ngritur vila n\u00eb Dh\u00ebrmi!"},"content":{"rendered":"<p>Deputeteja e PD, nj\u00ebkoh\u00ebsisht kryetare e komisionit Parlamentar p\u00ebr Kultur\u00ebn, Ina Zhupa gjat\u00eb fjal\u00ebs s\u00eb saj n\u00eb Konferenc\u00ebn e Kryetar\u00ebve ka akuzuar mazhoranc\u00ebn se nuk pranojn\u00eb asnj\u00eb debat sepse kan\u00eb frik\u00eb .<\/p>\n<p>\u201cKa r\u00ebn\u00eb parlamentarizmi, duke e kthyer Kuvendin n\u00eb nj\u00eb rreshtore t\u00eb grupit t\u00eb Partis\u00eb Socialiste\u201d, tha deputetja demokrate.<\/p>\n<p>Ajo akuzoi ish-ministren Krifca p\u00ebr vjedhje t\u00eb fondeve t\u00eb OLAF-it, nd\u00ebrsa shtoi se me ato para jan\u00eb nd\u00ebrtuar vila n\u00eb Dh\u00ebrmi.<\/p>\n<p>\u201cNuk u surprizova. Ju ketu jeni zgjatim\u00a0 i qeveris\u00eb. Por minimalisht duhet t\u00eb respektoni Rregulloren. E keni detyrim kushtetues dhe rregullator. Keni krijuar nj\u00eb standard ku nuk pranoni asnj\u00eb debat. Ka r\u00ebn\u00eb parlamentarizmi, duke e kthyer Kuvendin n\u00eb nj\u00eb rreshtore t\u00eb grupit t\u00eb Partis\u00eb Socialiste. Ju jeni rreshtor\u00eb, nd\u00ebrsa ne jemi deputet\u00eb q\u00eb p\u00ebrfaq\u00ebsojm\u00eb interesat e qytetar\u00ebve dhe do t\u00eb vazhdojm\u00eb ta b\u00ebjm\u00eb k\u00ebt\u00eb.<\/p>\n<p>Ka nj\u00eb moment ku nuk jam dakord me z. Bardhi, kur thot\u00eb se, nuk keni b\u00ebr\u00eb asgj\u00eb p\u00ebr fondet IPARD. Keni b\u00ebr\u00eb! Keni vjedhur fondet! Keni marr\u00eb, zonj\u00ebn Krifca dhe e keni b\u00ebr\u00eb nga drejtoresh\u00eb, ministre nga ministre, k\u00ebshilltare n\u00eb Kryeministri. Nd\u00ebrkoh\u00eb, me fondet e Bashkimit Evropian ngrihen vila n\u00eb Dh\u00ebrmi\u201d, tha Zhupa.<\/p>\n","protected":false},"excerpt":{"rendered":"<p>Deputeteja e PD, nj\u00ebkoh\u00ebsisht kryetare e komisionit Parlamentar p\u00ebr Kultur\u00ebn, Ina Zhupa gjat\u00eb fjal\u00ebs s\u00eb saj n\u00eb Konferenc\u00ebn e Kryetar\u00ebve ka akuzuar mazhoranc\u00ebn se nuk pranojn\u00eb asnj\u00eb debat sepse kan\u00eb frik\u00eb . \u201cKa r\u00ebn\u00eb parlamentarizmi, duke e kthyer Kuvendin n\u00eb nj\u00eb rreshtore t\u00eb grupit t\u00eb Partis\u00eb Socialiste\u201d, tha deputetja demokrate. Ajo akuzoi ish-ministren Krifca p\u00ebr &hellip;<\/p>\n","protected":false},"author":4,"featured_media":94446,"comment_status":"closed","ping_status":"closed","sticky":false,"template":"","format":"standard","meta":{"footnotes":""},"categories":[37],"tags":[],"class_list":["post-125166","post","type-post","status-publish","format-standard","has-post-thumbnail","","category-politike"],"_links":{"self":[{"href":"https:\/\/rdnews.al\/index.php\/wp-json\/wp\/v2\/posts\/125166","targetHints":{"allow":["GET"]}}],"collection":[{"href":"https:\/\/rdnews.al\/index.php\/wp-json\/wp\/v2\/posts"}],"about":[{"href":"https:\/\/rdnews.al\/index.php\/wp-json\/wp\/v2\/types\/post"}],"author":[{"embeddable":true,"href":"https:\/\/rdnews.al\/index.php\/wp-json\/wp\/v2\/users\/4"}],"replies":[{"embeddable":true,"href":"https:\/\/rdnews.al\/index.php\/wp-json\/wp\/v2\/comments?post=125166"}],"version-history":[{"count":2,"href":"https:\/\/rdnews.al\/index.php\/wp-json\/wp\/v2\/posts\/125166\/revisions"}],"predecessor-version":[{"id":125177,"href":"https:\/\/rdnews.al\/index.php\/wp-json\/wp\/v2\/posts\/125166\/revisions\/125177"}],"wp:featuredmedia":[{"embeddable":true,"href":"https:\/\/rdnews.al\/index.php\/wp-json\/wp\/v2\/media\/94446"}],"wp:attachment":[{"href":"https:\/\/rdnews.al\/index.php\/wp-json\/wp\/v2\/media?parent=125166"}],"wp:term":[{"taxonomy":"category","embeddable":true,"href":"https:\/\/rdnews.al\/index.php\/wp-json\/wp\/v2\/categories?post=125166"},{"taxonomy":"post_tag","embeddable":true,"href":"https:\/\/rdnews.al\/index.php\/wp-json\/wp\/v2\/tags?post=125166"}],"curies":[{"name":"wp","href":"https:\/\/api.w.org\/{rel}","templated":true}]}}