{"id":125168,"date":"2025-10-08T09:22:05","date_gmt":"2025-10-08T09:22:05","guid":{"rendered":"https:\/\/rdnews.al\/?p=125168"},"modified":"2025-10-08T12:39:21","modified_gmt":"2025-10-08T12:39:21","slug":"vrasja-e-gjyqtarit-prokuroret-kerkojne-mbledhje-urgjente-per-sigurine-e-magjistrateve","status":"publish","type":"post","link":"https:\/\/rdnews.al\/index.php\/2025\/10\/08\/vrasja-e-gjyqtarit-prokuroret-kerkojne-mbledhje-urgjente-per-sigurine-e-magjistrateve\/","title":{"rendered":"Vrasja e gjyqtarit Kalaja, prokuror\u00ebt k\u00ebrkojn\u00eb mbledhje urgjente p\u00ebr sigurin\u00eb e magjistrat\u00ebve!"},"content":{"rendered":"<p>Trupa e prokuror\u00ebve t\u00eb Republik\u00ebs s\u00eb Shqip\u00ebris\u00eb ka k\u00ebrkuar thirrjen e nj\u00eb mbledhjeje urgjente p\u00ebr t\u00eb diskutuar sigurin\u00eb fizike dhe mbrojtjen e figur\u00ebs dhe dinjitetit t\u00eb magjistrat\u00ebve, pas ngjarjes tragjike ku gjyqtari Astrit Kalaja humbi jet\u00ebn n\u00eb sall\u00ebn e gjyqit si pasoj\u00eb e nj\u00eb sulmi me arm\u00eb zjarri.<\/p>\n<p>N\u00eb nj\u00eb k\u00ebrkes\u00eb zyrtare drejtuar Prokurorit t\u00eb P\u00ebrgjithsh\u00ebm, Olsian \u00c7ela, dhe K\u00ebshillit t\u00eb Lart\u00eb t\u00eb Prokuroris\u00eb, prokuror\u00ebt theksojn\u00eb nevoj\u00ebn p\u00ebr nj\u00eb reflektim institucional dhe vendimmarrje kolektive p\u00ebr t\u00eb adresuar boshll\u00ebqet serioze n\u00eb sistemin e siguris\u00eb brenda institucioneve t\u00eb drejt\u00ebsis\u00eb.<\/p>\n<p>K\u00ebrkesa mb\u00ebshtetet n\u00eb nenet 113 t\u00eb ligjit nr. 115\/2016 dhe nenet 54\u201356 t\u00eb ligjit nr. 97\/2016, duke argumentuar se mbledhja e p\u00ebrgjithshme e prokuror\u00ebve mund t\u00eb thirret jo vet\u00ebm p\u00ebr q\u00ebllime zgjedhore, por edhe p\u00ebr emergjenca institucionale q\u00eb prekin sigurin\u00eb dhe pavar\u00ebsin\u00eb funksionale t\u00eb magjistrat\u00ebve.<\/p>\n<p>\u00c7\u00ebshtjet q\u00eb k\u00ebrkohet t\u00eb diskutohen p\u00ebrfshijn\u00eb, sigurin\u00eb fizike n\u00eb ambientet e prokurorive, p\u00ebrfshir\u00eb kontrollin e hyrjeve dhe pranin\u00eb e policis\u00eb, kushtet e transportit dhe akomodimit t\u00eb prokuror\u00ebve.<\/p>\n<p>K\u00ebrkesa \u00ebsht\u00eb firmosur nga m\u00eb shum\u00eb se nj\u00eb e dhjeta e trup\u00ebs s\u00eb prokuror\u00ebve, si\u00e7 k\u00ebrkohet nga ligji, dhe n\u00ebnvizon urgjenc\u00ebn p\u00ebr mbledhjen brenda afatit m\u00eb t\u00eb shkurt\u00ebr t\u00eb mundsh\u00ebm.<\/p>\n<p>Vendimet q\u00eb pritet t\u00eb dalin nga kjo mbledhje do t\u00eb sh\u00ebrbejn\u00eb si baz\u00eb p\u00ebr propozime konkrete ndaj institucioneve shtet\u00ebrore p\u00ebr forcimin e siguris\u00eb s\u00eb magjistrat\u00ebve n\u00eb t\u00eb gjitha nivelet.<\/p>\n","protected":false},"excerpt":{"rendered":"<p>Trupa e prokuror\u00ebve t\u00eb Republik\u00ebs s\u00eb Shqip\u00ebris\u00eb ka k\u00ebrkuar thirrjen e nj\u00eb mbledhjeje urgjente p\u00ebr t\u00eb diskutuar sigurin\u00eb fizike dhe mbrojtjen e figur\u00ebs dhe dinjitetit t\u00eb magjistrat\u00ebve, pas ngjarjes tragjike ku gjyqtari Astrit Kalaja humbi jet\u00ebn n\u00eb sall\u00ebn e gjyqit si pasoj\u00eb e nj\u00eb sulmi me arm\u00eb zjarri. N\u00eb nj\u00eb k\u00ebrkes\u00eb zyrtare drejtuar Prokurorit t\u00eb &hellip;<\/p>\n","protected":false},"author":4,"featured_media":124988,"comment_status":"closed","ping_status":"closed","sticky":false,"template":"","format":"standard","meta":{"footnotes":""},"categories":[37],"tags":[],"class_list":["post-125168","post","type-post","status-publish","format-standard","has-post-thumbnail","","category-politike"],"_links":{"self":[{"href":"https:\/\/rdnews.al\/index.php\/wp-json\/wp\/v2\/posts\/125168","targetHints":{"allow":["GET"]}}],"collection":[{"href":"https:\/\/rdnews.al\/index.php\/wp-json\/wp\/v2\/posts"}],"about":[{"href":"https:\/\/rdnews.al\/index.php\/wp-json\/wp\/v2\/types\/post"}],"author":[{"embeddable":true,"href":"https:\/\/rdnews.al\/index.php\/wp-json\/wp\/v2\/users\/4"}],"replies":[{"embeddable":true,"href":"https:\/\/rdnews.al\/index.php\/wp-json\/wp\/v2\/comments?post=125168"}],"version-history":[{"count":3,"href":"https:\/\/rdnews.al\/index.php\/wp-json\/wp\/v2\/posts\/125168\/revisions"}],"predecessor-version":[{"id":125216,"href":"https:\/\/rdnews.al\/index.php\/wp-json\/wp\/v2\/posts\/125168\/revisions\/125216"}],"wp:featuredmedia":[{"embeddable":true,"href":"https:\/\/rdnews.al\/index.php\/wp-json\/wp\/v2\/media\/124988"}],"wp:attachment":[{"href":"https:\/\/rdnews.al\/index.php\/wp-json\/wp\/v2\/media?parent=125168"}],"wp:term":[{"taxonomy":"category","embeddable":true,"href":"https:\/\/rdnews.al\/index.php\/wp-json\/wp\/v2\/categories?post=125168"},{"taxonomy":"post_tag","embeddable":true,"href":"https:\/\/rdnews.al\/index.php\/wp-json\/wp\/v2\/tags?post=125168"}],"curies":[{"name":"wp","href":"https:\/\/api.w.org\/{rel}","templated":true}]}}