{"id":125171,"date":"2025-10-08T09:26:34","date_gmt":"2025-10-08T09:26:34","guid":{"rendered":"https:\/\/rdnews.al\/?p=125171"},"modified":"2025-10-08T09:56:50","modified_gmt":"2025-10-08T09:56:50","slug":"perfundojne-homazhet-arkemorti-i-gjyqtarit-astrit-kalaja-percillet-per-ne-shkoder","status":"publish","type":"post","link":"https:\/\/rdnews.al\/index.php\/2025\/10\/08\/perfundojne-homazhet-arkemorti-i-gjyqtarit-astrit-kalaja-percillet-per-ne-shkoder\/","title":{"rendered":"P\u00ebrfundojn\u00eb homazhet, ark\u00ebmorti i gjyqtarit Astrit Kalaja p\u00ebrcillet p\u00ebr n\u00eb Shkod\u00ebr"},"content":{"rendered":"<p>Kan\u00eb p\u00ebrfunduar sot n\u00eb Pallatin e Kongreseve homazhet n\u00eb nder t\u00eb gjyqtarit Astrit Kalaja, i cili u vra dy dit\u00eb m\u00eb par\u00eb n\u00eb sall\u00ebn e gjyqit gjat\u00eb ushtrimit t\u00eb detyr\u00ebs.<\/p>\n<p>Pas p\u00ebrfundimit t\u00eb ceremonis\u00eb mortore, ark\u00ebmorti me trupin e tij t\u00eb pajet\u00eb \u00ebsht\u00eb nisur drejt Shkodr\u00ebs, ku Kalaja do t\u00eb prehet n\u00eb banes\u00ebn e fundit.<\/p>\n<p>Ngjarja e r\u00ebnd\u00eb ka tronditur opinionin publik dhe ka rikthyer n\u00eb qend\u00ebr t\u00eb v\u00ebmendjes sigurin\u00eb n\u00eb ambientet e institucioneve t\u00eb drejt\u00ebsis\u00eb, nd\u00ebrsa kan\u00eb ngritur pik\u00ebpyetje t\u00eb forta mbi masat e siguris\u00eb n\u00eb gjykata.<\/p>\n<p>Ngjarja ndodhi m\u00eb 6 tetor, n\u00eb ambientet e Gjykat\u00ebs s\u00eb Apelit n\u00eb Tiran\u00eb. Rreth or\u00ebs 13:42, shtetasit Elvis Shkambi dhe Gjon Shkambi kan\u00eb hyr\u00eb n\u00eb gjykat\u00eb duke kaluar n\u00ebp\u00ebrmjet pajisjes s\u00eb skanimit (detektor metalesh), e cila ka sinjalizuar prezenc\u00ebn e objekteve metalike.<\/p>\n<p>Pavar\u00ebsisht alarmit, punonj\u00ebsi i siguris\u00eb Banush Koxha nuk ka kryer kontroll fizik dhe as ka regjistruar hyrjen e tyre n\u00eb librin e protokollit, si\u00e7 parashikon procedura standarde.<\/p>\n<p>Dy shtetasit kan\u00eb q\u00ebndruar n\u00eb hollin e pritjes deri n\u00eb or\u00ebn 15:29, kur jan\u00eb futur n\u00eb sall\u00ebn e gjyqit nr. 3. Vet\u00ebm 6 minuta m\u00eb pas, n\u00eb momentin q\u00eb gjyqtari Astrit Kalaja shpall vendimin, Elvis Shkambi ka nxjerr\u00eb nj\u00eb pistolet\u00eb nga brezi dhe ka q\u00eblluar disa her\u00eb n\u00eb drejtim t\u00eb gjyqtarit.<\/p>\n<p>Kalaja, i plagosur r\u00ebnd\u00eb, ka nd\u00ebrruar jet\u00eb gjat\u00eb transportit p\u00ebr n\u00eb spital, pavar\u00ebsisht ndihm\u00ebs s\u00eb par\u00eb t\u00eb ofruar n\u00eb vendngjarje.<\/p>\n<p>N\u00eb t\u00eb nj\u00ebjtin moment, autori ka q\u00eblluar edhe n\u00eb drejtim t\u00eb shtetasve Rakip dhe Ervis Kurtaj, duke i plagosur. T\u00eb dy ndodhen n\u00eb spital jasht\u00eb rrezikut p\u00ebr jet\u00ebn.<\/p>\n<p>Pas sulmit, autori ka dal\u00eb nga salla, ka dor\u00ebzuar arm\u00ebn te nj\u00eb punonj\u00ebs tjet\u00ebr gjyq\u00ebsor dhe \u00ebsht\u00eb neutralizuar dhe arrestuar menj\u00ebher\u00eb nga forcat e policis\u00eb n\u00eb oborrin e Gjykat\u00ebs.<\/p>\n","protected":false},"excerpt":{"rendered":"<p>Kan\u00eb p\u00ebrfunduar sot n\u00eb Pallatin e Kongreseve homazhet n\u00eb nder t\u00eb gjyqtarit Astrit Kalaja, i cili u vra dy dit\u00eb m\u00eb par\u00eb n\u00eb sall\u00ebn e gjyqit gjat\u00eb ushtrimit t\u00eb detyr\u00ebs. Pas p\u00ebrfundimit t\u00eb ceremonis\u00eb mortore, ark\u00ebmorti me trupin e tij t\u00eb pajet\u00eb \u00ebsht\u00eb nisur drejt Shkodr\u00ebs, ku Kalaja do t\u00eb prehet n\u00eb banes\u00ebn e fundit. &hellip;<\/p>\n","protected":false},"author":4,"featured_media":125178,"comment_status":"closed","ping_status":"closed","sticky":false,"template":"","format":"standard","meta":{"footnotes":""},"categories":[37],"tags":[],"class_list":["post-125171","post","type-post","status-publish","format-standard","has-post-thumbnail","","category-politike"],"_links":{"self":[{"href":"https:\/\/rdnews.al\/index.php\/wp-json\/wp\/v2\/posts\/125171","targetHints":{"allow":["GET"]}}],"collection":[{"href":"https:\/\/rdnews.al\/index.php\/wp-json\/wp\/v2\/posts"}],"about":[{"href":"https:\/\/rdnews.al\/index.php\/wp-json\/wp\/v2\/types\/post"}],"author":[{"embeddable":true,"href":"https:\/\/rdnews.al\/index.php\/wp-json\/wp\/v2\/users\/4"}],"replies":[{"embeddable":true,"href":"https:\/\/rdnews.al\/index.php\/wp-json\/wp\/v2\/comments?post=125171"}],"version-history":[{"count":1,"href":"https:\/\/rdnews.al\/index.php\/wp-json\/wp\/v2\/posts\/125171\/revisions"}],"predecessor-version":[{"id":125173,"href":"https:\/\/rdnews.al\/index.php\/wp-json\/wp\/v2\/posts\/125171\/revisions\/125173"}],"wp:featuredmedia":[{"embeddable":true,"href":"https:\/\/rdnews.al\/index.php\/wp-json\/wp\/v2\/media\/125178"}],"wp:attachment":[{"href":"https:\/\/rdnews.al\/index.php\/wp-json\/wp\/v2\/media?parent=125171"}],"wp:term":[{"taxonomy":"category","embeddable":true,"href":"https:\/\/rdnews.al\/index.php\/wp-json\/wp\/v2\/categories?post=125171"},{"taxonomy":"post_tag","embeddable":true,"href":"https:\/\/rdnews.al\/index.php\/wp-json\/wp\/v2\/tags?post=125171"}],"curies":[{"name":"wp","href":"https:\/\/api.w.org\/{rel}","templated":true}]}}