{"id":125179,"date":"2025-10-08T10:02:18","date_gmt":"2025-10-08T10:02:18","guid":{"rendered":"https:\/\/rdnews.al\/?p=125179"},"modified":"2025-10-08T10:02:32","modified_gmt":"2025-10-08T10:02:32","slug":"deputete-e-pd-homazhe-ne-nder-te-gjyqtarit-te-vrare-astrit-kalaja","status":"publish","type":"post","link":"https:\/\/rdnews.al\/index.php\/2025\/10\/08\/deputete-e-pd-homazhe-ne-nder-te-gjyqtarit-te-vrare-astrit-kalaja\/","title":{"rendered":"Deputet\u00ebt e PD homazhe n\u00eb nder t\u00eb gjyqtarit t\u00eb vrar\u00eb Astrit Kalaja!"},"content":{"rendered":"<div id=\"rekl-49\">N\u00eb homazhet q\u00eb po mbahen n\u00eb Pallatin e Kongreseve n\u00eb nderim t\u00eb gjyqtarit Astrit Kalaja, i cili u vra tragjikisht brenda sall\u00ebs s\u00eb Gjykat\u00ebs s\u00eb Apelit me tre plumba, mor\u00ebn pjes\u00eb edhe grupi parlamentar\u00eb i Partis\u00eb Demokratike.<\/div>\n<div class=\"readmore-text-here\">\n<p>Nd\u00ebrkoh\u00eb vrasja e gjyqtarit\u00a0Kalaja \u00ebsht\u00eb diskutuar sot edhe n\u00eb Konferenc\u00ebn e Kryetar\u00ebve, ku kreu i grupit parlamentar t\u00eb Partis\u00eb Demokratike, Gazment Bardhi, i ka k\u00ebrkuar maxhoranc\u00ebs t\u00eb nis\u00eb procedurat p\u00ebr shpalljen e tij \u201cD\u00ebshmor i Atdheut\u201d.<\/p>\n<p>Nga ana e saj, mazhoranca nuk \u00ebsht\u00eb shprehur lidhur me k\u00ebt\u00eb k\u00ebrkes\u00eb. Edhe Partia e Liris\u00eb ka dal\u00eb me q\u00ebndrim t\u00eb nj\u00ebjt\u00eb, duke k\u00ebrkuar q\u00eb Kalaja t\u00eb shpallet \u201cD\u00ebshmor i Atdheut\u201d, duke theksuar se ai u vra n\u00eb krye t\u00eb detyr\u00ebs, n\u00eb nj\u00eb institucion t\u00eb drejt\u00ebsis\u00eb, \u00e7ka e b\u00ebn ngjarjen edhe m\u00eb t\u00eb r\u00ebnd\u00eb p\u00ebr shoq\u00ebrin\u00eb dhe shtetin.<\/p>\n<p>Nd\u00ebrkoh\u00eb, q\u00eb prej or\u00ebs 09:00 t\u00eb m\u00ebngjesit t\u00eb sot\u00ebm kan\u00eb nisur homazhet n\u00eb nder t\u00eb gjyqtarit Astrit Kalaja, i cili u vra me arm\u00eb zjarri dit\u00ebn e h\u00ebn\u00eb, brenda sall\u00ebs s\u00eb seancave n\u00eb Gjykat\u00ebn e Apelit.<\/p>\n<p>Q\u00eb n\u00eb or\u00ebt e para t\u00eb m\u00ebngjesit, n\u00eb ambientet e Pallatit t\u00eb Kongreseve, ku po zhvillohen homazhet, kan\u00eb mb\u00ebrritur personalitete t\u00eb shumta nga sistemi i drejt\u00ebsis\u00eb dhe politika, p\u00ebr t\u00eb nderuar figur\u00ebn e tij. T\u00eb pranish\u00ebm n\u00eb homazhe jan\u00eb par\u00eb: prokuror\u00eb, koleg\u00eb, avokat\u00eb, si dhe p\u00ebrfaq\u00ebsues t\u00eb lart\u00eb t\u00eb institucioneve dhe politik\u00ebs shqiptare.<\/p>\n<p>Homazhet n\u00eb Tiran\u00eb do t\u00eb p\u00ebrfundojn\u00eb n\u00eb or\u00ebn 11:00. M\u00eb pas, trupi i gjyqtarit Kalaja do t\u00eb p\u00ebrcillet drejt qytetit t\u00eb lindjes, Shkod\u00ebr, ku do t\u00eb mbahen homazhe t\u00eb tjera nga ora 14:00 deri n\u00eb 16:00, p\u00ebr t\u2019u varrosur m\u00eb pas n\u00eb qytetin e tij.<\/p>\n<p>&nbsp;<\/p>\n<div class=\"fotogaleri\">\n<div class=\"bx-wrapper\">\n<div class=\"bx-viewport\">\n<ul class=\"read-slider\">\n<li><a href=\"https:\/\/www.syri.net\/fotogaleria\/826956\/grupi-i-pd-homazhe-ne-nder-te-gjyqtarit-te-vrare-astrit-kalaja-te-shpallet-deshmor-i-atdheut\/\" target=\"_blank\" rel=\"noopener\"><img decoding=\"async\" src=\"https:\/\/www.syri.net\/uploads\/syri.net\/images\/2025\/October\/08\/auto_b573a1c9-c088-4a85-8d9c-93f2cd182f601759914452.jpeg\" \/><\/a><\/li>\n<\/ul>\n<\/div>\n<\/div>\n<\/div>\n<\/div>\n","protected":false},"excerpt":{"rendered":"<p>N\u00eb homazhet q\u00eb po mbahen n\u00eb Pallatin e Kongreseve n\u00eb nderim t\u00eb gjyqtarit Astrit Kalaja, i cili u vra tragjikisht brenda sall\u00ebs s\u00eb Gjykat\u00ebs s\u00eb Apelit me tre plumba, mor\u00ebn pjes\u00eb edhe grupi parlamentar\u00eb i Partis\u00eb Demokratike. Nd\u00ebrkoh\u00eb vrasja e gjyqtarit\u00a0Kalaja \u00ebsht\u00eb diskutuar sot edhe n\u00eb Konferenc\u00ebn e Kryetar\u00ebve, ku kreu i grupit parlamentar t\u00eb &hellip;<\/p>\n","protected":false},"author":4,"featured_media":125180,"comment_status":"closed","ping_status":"closed","sticky":false,"template":"","format":"standard","meta":{"footnotes":""},"categories":[37],"tags":[],"class_list":["post-125179","post","type-post","status-publish","format-standard","has-post-thumbnail","","category-politike"],"_links":{"self":[{"href":"https:\/\/rdnews.al\/index.php\/wp-json\/wp\/v2\/posts\/125179","targetHints":{"allow":["GET"]}}],"collection":[{"href":"https:\/\/rdnews.al\/index.php\/wp-json\/wp\/v2\/posts"}],"about":[{"href":"https:\/\/rdnews.al\/index.php\/wp-json\/wp\/v2\/types\/post"}],"author":[{"embeddable":true,"href":"https:\/\/rdnews.al\/index.php\/wp-json\/wp\/v2\/users\/4"}],"replies":[{"embeddable":true,"href":"https:\/\/rdnews.al\/index.php\/wp-json\/wp\/v2\/comments?post=125179"}],"version-history":[{"count":2,"href":"https:\/\/rdnews.al\/index.php\/wp-json\/wp\/v2\/posts\/125179\/revisions"}],"predecessor-version":[{"id":125182,"href":"https:\/\/rdnews.al\/index.php\/wp-json\/wp\/v2\/posts\/125179\/revisions\/125182"}],"wp:featuredmedia":[{"embeddable":true,"href":"https:\/\/rdnews.al\/index.php\/wp-json\/wp\/v2\/media\/125180"}],"wp:attachment":[{"href":"https:\/\/rdnews.al\/index.php\/wp-json\/wp\/v2\/media?parent=125179"}],"wp:term":[{"taxonomy":"category","embeddable":true,"href":"https:\/\/rdnews.al\/index.php\/wp-json\/wp\/v2\/categories?post=125179"},{"taxonomy":"post_tag","embeddable":true,"href":"https:\/\/rdnews.al\/index.php\/wp-json\/wp\/v2\/tags?post=125179"}],"curies":[{"name":"wp","href":"https:\/\/api.w.org\/{rel}","templated":true}]}}