{"id":125183,"date":"2025-10-08T10:49:38","date_gmt":"2025-10-08T10:49:38","guid":{"rendered":"https:\/\/rdnews.al\/?p=125183"},"modified":"2025-10-08T10:49:38","modified_gmt":"2025-10-08T10:49:38","slug":"rama-paguan-viziten-e-adams-revolte-ne-nju-jork-asnje-kryebashkiak-nuk-duhet-te-pranoje-dhurate-nga-qeverite-e-huaja","status":"publish","type":"post","link":"https:\/\/rdnews.al\/index.php\/2025\/10\/08\/rama-paguan-viziten-e-adams-revolte-ne-nju-jork-asnje-kryebashkiak-nuk-duhet-te-pranoje-dhurate-nga-qeverite-e-huaja\/","title":{"rendered":"Rama paguan vizit\u00ebn e Adams! Revolt\u00eb n\u00eb Nju Jork: Asnj\u00eb kryebashkiak nuk duhet t\u00eb pranoj\u00eb dhurat\u00eb nga qeverit\u00eb e huaja"},"content":{"rendered":"<p>Nga Elizabeth Kim,\u00a0<a href=\"https:\/\/gothamist.com\/news\/mayor-adams-heads-to-albania-with-albanian-government-footing-some-of-the-bill\" target=\"_blank\" rel=\"noopener\">GOTHAMIST<\/a><\/p>\n<p>Me vet\u00ebm tre muaj t\u00eb mbetur n\u00eb detyr\u00eb, kryebashkiaku i Nju Jorkut, Eric Adams, njoftoi t\u00eb h\u00ebn\u00ebn se do t\u00eb kryej\u00eb nj\u00eb udh\u00ebtim n\u00eb Shqip\u00ebri, me akomodimin dhe transportin tok\u00ebsor t\u00eb paguar nga qeveria shqiptare.<\/p>\n<p>Udh\u00ebtimi kat\u00ebrditor vjen me ftes\u00eb t\u00eb kryeministrit t\u00eb Shqip\u00ebris\u00eb, Edi Rama, sipas zyr\u00ebs s\u00eb kryebashkiakut. Adams pritet t\u00eb niset t\u00eb h\u00ebn\u00ebn von\u00eb dhe t\u00eb kthehet t\u00eb enjten. Ai do t\u00eb udh\u00ebtoj\u00eb me linjat ajrore Lufthansa dhe do t\u00eb shoq\u00ebrohet nga stafi i siguris\u00eb s\u00eb NYPD-s\u00eb dhe k\u00ebshilltarja e tij e lart\u00eb, Gladys Miranda.<\/p>\n<p>Zyra e Adamsit e p\u00ebrshkroi k\u00ebt\u00eb vizit\u00eb si nj\u00eb mund\u00ebsi \u201cp\u00ebr t\u00eb diskutuar mbi nisma t\u00eb reja q\u00eb do t\u00eb nxisin aktivitetin ekonomik dhe turizmin drejt qytetit t\u00eb Nju Jorkut.\u201d Ai pritet t\u00eb takohet me Ram\u00ebn dhe drejtues biznesesh.<\/p>\n<p>Vizita jasht\u00eb vendit vjen pak m\u00eb shum\u00eb se nj\u00eb vit pasi Adams u akuzua n\u00eb nivel federal p\u00ebr marrjen e p\u00ebrfitimeve t\u00eb paligjshme nga udh\u00ebtime nd\u00ebrkomb\u00ebtare t\u00eb financuara nga zyrtar\u00eb turq.<\/p>\n<p>Pak para se \u00e7\u00ebshtja t\u00eb shkonte n\u00eb gjyq, administrata Trump i hodhi posht\u00eb akuzat, pjes\u00ebrisht p\u00ebr t\u2019i mund\u00ebsuar Adamsit t\u00eb ndihmonte n\u00eb zbatimin e politikave federale t\u00eb emigracionit. Nj\u00eb gjykat\u00ebs m\u00eb pas deklaroi se pushimi i \u00e7\u00ebshtjes \u201cngjante me nj\u00eb marr\u00ebveshje.\u201d Adams e mohoi \u00e7do shkelje.<\/p>\n<p>Adams, dhe i biri i tij, Jordan Coleman, kan\u00eb treguar nj\u00eb interes t\u00eb ve\u00e7ant\u00eb p\u00ebr Shqip\u00ebrin\u00eb.<\/p>\n<p>Coleman, i cili aspiron t\u00eb b\u00ebhet reper, mori pjes\u00eb n\u00eb nj\u00eb konkurs muzikor n\u00eb Shqip\u00ebri n\u00eb vitin 2022. Adams e p\u00ebrmendi at\u00eb udh\u00ebtim gjat\u00eb nj\u00eb eventi kulturor shqiptar n\u00eb rezidenc\u00ebn Gracie Mansion n\u00eb qershor.<\/p>\n<p><em>\u201cJam shum\u00eb xheloz p\u00ebr t\u00eb, ai shkoi n\u00eb Shqip\u00ebri dhe mori pjes\u00eb n\u00eb nj\u00eb nga koncertet tuaja,<\/em>\u201d tha Adams<em>. \u201cMezi pres t\u00eb shkoj n\u00eb Shqip\u00ebri dhe t\u00eb shijoj lumenjt\u00eb, detet, malet dhe gjith\u00e7ka tjet\u00ebr q\u00eb ofroni.\u201d<\/em><\/p>\n<p>Sipas zyr\u00ebs s\u00eb kryebashkiakut, kostoja totale p\u00ebr hotelin dhe transportin do t\u00eb jet\u00eb m\u00eb pak se 300 dollar\u00eb n\u00eb dit\u00eb.<\/p>\n<p>Adams ka treguar prirje p\u00ebr udh\u00ebtime jasht\u00eb vendit gjat\u00eb gjith\u00eb karrier\u00ebs s\u00eb tij politike. Si kryetar i qarkut t\u00eb Brooklyn-it, ai raportohet t\u00eb ket\u00eb udh\u00ebtuar shtat\u00eb her\u00eb n\u00eb Kin\u00eb. Si kryebashkiak, ai ka vizituar Greqin\u00eb, Katarin, Izraelin dhe disa vende t\u00eb Amerik\u00ebs Latine.<\/p>\n<p>John Kaehny, drejtues i grupit p\u00ebr qeverisje t\u00eb mir\u00eb Reinvent Albany, e kritikoi vendimin e Adamsit p\u00ebr t\u00eb pranuar nj\u00eb udh\u00ebtim t\u00eb financuar nga nj\u00eb qeveri e huaj.<\/p>\n<p><em>\u201c\u00cbsht\u00eb krejt\u00ebsisht e pap\u00ebrshtatshme,\u201d<\/em>\u00a0tha Kaehny.\u00a0<em>\u201cKryebashkiak\u00ebt e Nju Jorkut nuk duhet t\u00eb lejohen t\u00eb pranojn\u00eb asnj\u00eb dhurat\u00eb nga qeverit\u00eb e huaja.\u201d<\/em><\/p>\n<p>Ai shtoi se taksapaguesit duhet t\u00eb paguajn\u00eb p\u00ebr udh\u00ebtimet e kryebashkiakut \u201cn\u00ebse ato ia vlejn\u00eb.\u201d Por ai e konsideroi vizit\u00ebn e Adamsit n\u00eb Shqip\u00ebri pa shum\u00eb vler\u00eb.<\/p>\n<p><em>\u201cShqip\u00ebria ka lidhje ekonomike tep\u00ebr minimale me qytetin e Nju Jorkut,\u201d<\/em>\u00a0tha ai.<em>\u00a0\u201cNuk ka asnj\u00eb perspektiv\u00eb q\u00eb t\u00eb b\u00ebhet nj\u00eb partner i r\u00ebnd\u00ebsish\u00ebm ekonomik.\u201d<\/em><\/p>\n<p>Adams u t\u00ebrhoq nga gara p\u00ebr rizgjedhje m\u00eb shum\u00eb se nj\u00eb jav\u00eb m\u00eb par\u00eb, mes sondazheve t\u00eb dob\u00ebta dhe v\u00ebshtir\u00ebsive n\u00eb mbledhjen e fondeve, t\u00eb cilat p\u00ebrfshinin edhe refuzimin e fondeve shtes\u00eb t\u00eb sigurimit nga bordi i financave t\u00eb fushatave t\u00eb qytetit.<\/p>\n<p>Z\u00ebdh\u00ebn\u00ebsja e Adamsit, Kayla Mamelak Altus, tha se udh\u00ebtimi i kryebashkiakut \u00ebsht\u00eb n\u00eb p\u00ebrputhje me politikat e qytetit dhe se planifikimi u p\u00ebrmbyll jav\u00ebn e kaluar.<\/p>\n<p><em>\u201cNj\u00eb njeriu t\u00eb zakonsh\u00ebm mund t\u2019i duket rast\u00ebsore,\u201d<\/em>\u00a0tha ajo, \u201cpor gjith\u00e7ka \u00ebsht\u00eb b\u00ebr\u00eb n\u00eb p\u00ebrputhje me udh\u00ebzimet e qytetit.\u201d<\/p>\n","protected":false},"excerpt":{"rendered":"<p>Nga Elizabeth Kim,\u00a0GOTHAMIST Me vet\u00ebm tre muaj t\u00eb mbetur n\u00eb detyr\u00eb, kryebashkiaku i Nju Jorkut, Eric Adams, njoftoi t\u00eb h\u00ebn\u00ebn se do t\u00eb kryej\u00eb nj\u00eb udh\u00ebtim n\u00eb Shqip\u00ebri, me akomodimin dhe transportin tok\u00ebsor t\u00eb paguar nga qeveria shqiptare. Udh\u00ebtimi kat\u00ebrditor vjen me ftes\u00eb t\u00eb kryeministrit t\u00eb Shqip\u00ebris\u00eb, Edi Rama, sipas zyr\u00ebs s\u00eb kryebashkiakut. Adams pritet &hellip;<\/p>\n","protected":false},"author":4,"featured_media":125108,"comment_status":"closed","ping_status":"closed","sticky":false,"template":"","format":"standard","meta":{"footnotes":""},"categories":[37],"tags":[],"class_list":["post-125183","post","type-post","status-publish","format-standard","has-post-thumbnail","","category-politike"],"_links":{"self":[{"href":"https:\/\/rdnews.al\/index.php\/wp-json\/wp\/v2\/posts\/125183","targetHints":{"allow":["GET"]}}],"collection":[{"href":"https:\/\/rdnews.al\/index.php\/wp-json\/wp\/v2\/posts"}],"about":[{"href":"https:\/\/rdnews.al\/index.php\/wp-json\/wp\/v2\/types\/post"}],"author":[{"embeddable":true,"href":"https:\/\/rdnews.al\/index.php\/wp-json\/wp\/v2\/users\/4"}],"replies":[{"embeddable":true,"href":"https:\/\/rdnews.al\/index.php\/wp-json\/wp\/v2\/comments?post=125183"}],"version-history":[{"count":1,"href":"https:\/\/rdnews.al\/index.php\/wp-json\/wp\/v2\/posts\/125183\/revisions"}],"predecessor-version":[{"id":125184,"href":"https:\/\/rdnews.al\/index.php\/wp-json\/wp\/v2\/posts\/125183\/revisions\/125184"}],"wp:featuredmedia":[{"embeddable":true,"href":"https:\/\/rdnews.al\/index.php\/wp-json\/wp\/v2\/media\/125108"}],"wp:attachment":[{"href":"https:\/\/rdnews.al\/index.php\/wp-json\/wp\/v2\/media?parent=125183"}],"wp:term":[{"taxonomy":"category","embeddable":true,"href":"https:\/\/rdnews.al\/index.php\/wp-json\/wp\/v2\/categories?post=125183"},{"taxonomy":"post_tag","embeddable":true,"href":"https:\/\/rdnews.al\/index.php\/wp-json\/wp\/v2\/tags?post=125183"}],"curies":[{"name":"wp","href":"https:\/\/api.w.org\/{rel}","templated":true}]}}