{"id":125205,"date":"2025-10-08T11:56:21","date_gmt":"2025-10-08T11:56:21","guid":{"rendered":"https:\/\/rdnews.al\/?p=125205"},"modified":"2025-10-08T11:56:21","modified_gmt":"2025-10-08T11:56:21","slug":"berisha-nuk-shkojme-ne-asnje-komision-pa-pjesemarrjen-e-odihr-dhe-kongresit-te-autoriteteve-lokale","status":"publish","type":"post","link":"https:\/\/rdnews.al\/index.php\/2025\/10\/08\/berisha-nuk-shkojme-ne-asnje-komision-pa-pjesemarrjen-e-odihr-dhe-kongresit-te-autoriteteve-lokale\/","title":{"rendered":"Berisha: Nuk shkojm\u00eb n\u00eb asnj\u00eb komision pa pjes\u00ebmarrjen e ODIHR dhe Kongresit t\u00eb Autoriteteve Lokale!"},"content":{"rendered":"<p>Kryetari i PD, Sali Berisha tha se, Drejt\u00ebsia duhet reformuar vet\u00ebm nga Komisioni i Venecias. Gjat\u00eb mbledhjes s\u00eb grupit parlamentar, Berisha tha se, nuk shkojm\u00eb n\u00eb asnj\u00eb komision pa pjes\u00ebmarrjen e ODIHR dhe Kongresit t\u00eb Autoriteteve Lokale.<\/p>\n<p>&#8220;Tani k\u00ebrkojn\u00eb t\u00eb b\u00ebjn\u00eb ndryshime ato q\u00eb duan vet\u00eb.<\/p>\n<p>Asnj\u00eb ndryshim.<\/p>\n<p>Krijuat korporatat e krimit, krijuat korporata si\u00e7 paralajm\u00ebroi Komisioni i Venecias, si\u00e7 e paralajm\u00ebroi n\u00eb m\u00ebnyr\u00eb profetike.<\/p>\n<p>Si mundesh ti t\u2019i l\u00ebsh gjykatat dhe prokurorit\u00eb pa drejtues? T\u00eb tuat jan\u00eb ato? Personale jan\u00eb ato?<\/p>\n<p>Ato jan\u00eb t\u00eb shtetit, nuk jan\u00eb as t\u00eb KLGJ dhe t\u00eb KLP.<\/p>\n<p>Ato jan\u00eb institucione themelore t\u00eb nj\u00eb shteti.<\/p>\n<p>Por korporata i konsideron si pron\u00ebsi t\u00eb vet\u00ebn dhe zbaton urdhra.<\/p>\n<p>Dhe p\u00ebrpiqen t\u2019i fshehin.<\/p>\n<p>N\u00eb k\u00ebt\u00eb sall\u00eb kam pritur nj\u00eb grup 18 parlamentar\u00eb t\u00eb nj\u00eb landi gjerman dhe kur un\u00eb u shpjegoja, sot e kam t\u00eb fresk\u00ebt n\u00eb memorie, kryetari i k\u00ebtyre parlamentar\u00ebve kur un\u00eb i them q\u00eb Altin Troplini me Kushtetut\u00eb kontrollon gjykat\u00ebsin q\u00eb i dor\u00ebzon dosjen, e tmerrshme thoshte.<\/p>\n<p>K\u00ebshtu ishte e v\u00ebrteta.<\/p>\n<p>Dhe k\u00ebtu duan ta fshehin k\u00ebt\u00eb realitet. Ta fshehin me \u00e7do kusht.<\/p>\n<p>Nj\u00eb realitet q\u00eb u krijua dhe q\u00eb duhet t\u00eb ndryshoj\u00eb me shpejt\u00ebsin\u00eb m\u00eb t\u00eb madhe.<\/p>\n<p>Ai ndryshohet vet\u00ebm nga Komisioni i Venecias n\u00eb bashk\u00ebpunim me nj\u00eb reform\u00eb t\u00eb v\u00ebrtet\u00eb, absolutisht kurr\u00eb asnj\u00eb nen, asnj\u00eb fjal\u00eb, asnj\u00eb g\u00ebrm\u00eb e Fatmir Xhaf\u00ebs.<\/p>\n<p>Se Fatmirin p\u00ebr at\u00eb pun\u00eb e vun\u00eb, e vun\u00eb si kamikaz.<\/p>\n<p>T\u00eb b\u00ebnte Fatmiri me Arben Rakipin reform\u00ebn e drejt\u00ebsis\u00eb.<\/p>\n<p>Ta dini se Arben Rakipi \u00ebsht\u00eb nj\u00eb nga figurat m\u00eb mafioze jo t\u00eb drejt\u00ebsis\u00eb, por t\u00eb Shqip\u00ebris\u00eb.<\/p>\n<p>Ua them un\u00eb ju.<\/p>\n<p>\u00cbsht\u00eb drejtori m\u00eb mafioz, i cili mban studio avokatie dhe shkon e pret gjoba tek nx\u00ebn\u00ebsit e tij pasi mbarojn\u00eb magjistratur\u00ebn. Dhe q\u00eb \u00ebsht\u00eb i p\u00ebrjashtuar nga vetingu. Ky protektori i Altin Troplinit dhe autori i kodit. Ish-bashk\u00ebpun\u00ebtor i policis\u00eb sekrete t\u00eb Enver Hoxh\u00ebs. Q\u00eb nuk duhet t\u00eb jet\u00eb fare n\u00eb sistem.<\/p>\n<p>Ky tani \u00ebsht\u00eb truri, me Xhaf\u00ebn, i reformimeve.<\/p>\n<p>Pretendojn\u00eb p\u00ebr dy komisione.<\/p>\n<p>Asnj\u00eb komision pa Kongresin e Autoriteteve Rajonale dhe Lokale p\u00ebr reform\u00ebn territoriale dhe pa ODIHR-in nuk marrim pjes\u00eb.<\/p>\n<p>T\u00eb vijn\u00eb institucionet nd\u00ebrkomb\u00ebtare.<\/p>\n<p>Dhe \u00ebsht\u00eb shum\u00eb e gabuar q\u00eb rrin\u00eb dhe marrin vitin 2008, besoj e bazojn\u00eb n\u00eb nj\u00eb mashtrim q\u00ebndrimin e tyre.<\/p>\n<p>T\u00eb marrim ODIHR-in, t\u00eb marrim specialist\u00eb nga Venecia, se edhe ata kan\u00eb specialist\u00eb t\u00eb klasit t\u00eb par\u00eb edhe n\u00eb t\u00eb drejt\u00ebn elektorale.<\/p>\n<p>Por, me Fatmir Xhaf\u00ebn, me Gjiknurin, q\u00eb duhej t\u00eb ishte n\u00eb burg prej koh\u00ebsh, njeriut q\u00eb i vjedhin n\u00ebn\u00ebs s\u00eb tij 7 milion\u00eb euro.<\/p>\n<p>Shkoni dhe shihni Gjirin e Manastirit si e ka b\u00ebr\u00eb me Edi Ram\u00ebn, etj.<\/p>\n<p>K\u00ebta nuk kan\u00eb interes reformash, por si e si t\u00eb shkat\u00ebrrojn\u00eb \u00e7do gj\u00eb q\u00eb \u00ebsht\u00eb n\u00eb m\u00ebnyr\u00eb q\u00eb t\u00eb q\u00ebndrojn\u00eb n\u00eb pushtet\u201d, tha Berisha.<\/p>\n","protected":false},"excerpt":{"rendered":"<p>Kryetari i PD, Sali Berisha tha se, Drejt\u00ebsia duhet reformuar vet\u00ebm nga Komisioni i Venecias. Gjat\u00eb mbledhjes s\u00eb grupit parlamentar, Berisha tha se, nuk shkojm\u00eb n\u00eb asnj\u00eb komision pa pjes\u00ebmarrjen e ODIHR dhe Kongresit t\u00eb Autoriteteve Lokale. &#8220;Tani k\u00ebrkojn\u00eb t\u00eb b\u00ebjn\u00eb ndryshime ato q\u00eb duan vet\u00eb. Asnj\u00eb ndryshim. Krijuat korporatat e krimit, krijuat korporata si\u00e7 &hellip;<\/p>\n","protected":false},"author":4,"featured_media":125206,"comment_status":"closed","ping_status":"closed","sticky":false,"template":"","format":"standard","meta":{"footnotes":""},"categories":[37],"tags":[],"class_list":["post-125205","post","type-post","status-publish","format-standard","has-post-thumbnail","","category-politike"],"_links":{"self":[{"href":"https:\/\/rdnews.al\/index.php\/wp-json\/wp\/v2\/posts\/125205","targetHints":{"allow":["GET"]}}],"collection":[{"href":"https:\/\/rdnews.al\/index.php\/wp-json\/wp\/v2\/posts"}],"about":[{"href":"https:\/\/rdnews.al\/index.php\/wp-json\/wp\/v2\/types\/post"}],"author":[{"embeddable":true,"href":"https:\/\/rdnews.al\/index.php\/wp-json\/wp\/v2\/users\/4"}],"replies":[{"embeddable":true,"href":"https:\/\/rdnews.al\/index.php\/wp-json\/wp\/v2\/comments?post=125205"}],"version-history":[{"count":1,"href":"https:\/\/rdnews.al\/index.php\/wp-json\/wp\/v2\/posts\/125205\/revisions"}],"predecessor-version":[{"id":125207,"href":"https:\/\/rdnews.al\/index.php\/wp-json\/wp\/v2\/posts\/125205\/revisions\/125207"}],"wp:featuredmedia":[{"embeddable":true,"href":"https:\/\/rdnews.al\/index.php\/wp-json\/wp\/v2\/media\/125206"}],"wp:attachment":[{"href":"https:\/\/rdnews.al\/index.php\/wp-json\/wp\/v2\/media?parent=125205"}],"wp:term":[{"taxonomy":"category","embeddable":true,"href":"https:\/\/rdnews.al\/index.php\/wp-json\/wp\/v2\/categories?post=125205"},{"taxonomy":"post_tag","embeddable":true,"href":"https:\/\/rdnews.al\/index.php\/wp-json\/wp\/v2\/tags?post=125205"}],"curies":[{"name":"wp","href":"https:\/\/api.w.org\/{rel}","templated":true}]}}