{"id":125235,"date":"2025-10-08T16:23:15","date_gmt":"2025-10-08T16:23:15","guid":{"rendered":"https:\/\/rdnews.al\/?p=125235"},"modified":"2025-10-08T16:23:15","modified_gmt":"2025-10-08T16:23:15","slug":"pd-nis-procedurat-per-shkarkimin-e-presidentit-bajram-begaj-ka-shkelur-kushtetuten","status":"publish","type":"post","link":"https:\/\/rdnews.al\/index.php\/2025\/10\/08\/pd-nis-procedurat-per-shkarkimin-e-presidentit-bajram-begaj-ka-shkelur-kushtetuten\/","title":{"rendered":"PD nis procedurat p\u00ebr shkarkimin e presidentit Bajram Begaj: Ka shkelur Kushtetut\u00ebn!"},"content":{"rendered":"<p class=\"TableParagraph\"><span style=\"font-family: 'Helvetica',sans-serif; color: #333333;\">Grupi Parlamentar i Partis\u00eb Demokratike ka nisur zyrtarisht procedurat p\u00ebr propozimin e shkarkimit t\u00eb Presidentit t\u00eb Republik\u00ebs, Bajram Begaj, duke e akuzuar p\u00ebr \u201cshkelje t\u00eb r\u00ebnd\u00eb t\u00eb Kushtetut\u00ebs\u201d.<\/span><\/p>\n<p class=\"TableParagraph\" style=\"box-sizing: border-box; font-variant-ligatures: normal; font-variant-caps: normal; font-variant-numeric: inherit; font-variant-east-asian: inherit; font-variant-alternates: inherit; font-variant-position: inherit; font-variant-emoji: inherit; font-stretch: inherit; line-height: inherit; font-optical-sizing: inherit; font-size-adjust: inherit; font-kerning: inherit; font-feature-settings: inherit; font-variation-settings: inherit; text-rendering: optimizelegibility; orphans: 2; text-align: start; widows: 2; -webkit-text-stroke-width: 0px; text-decoration-thickness: initial; text-decoration-style: initial; text-decoration-color: initial; word-spacing: 0px;\"><span style=\"font-family: 'Helvetica',sans-serif; color: #333333;\">Vendimi \u00ebsht\u00eb marr\u00eb gjat\u00eb mbledhjes s\u00eb sotme t\u00eb grupit, ku u miratua nisma n\u00eb \u201cmb\u00ebshtetje t\u00eb pik\u00ebs 2 t\u00eb nenit 90 t\u00eb Kushtetut\u00ebs s\u00eb Shqip\u00ebris\u00eb\u201d.<\/span><\/p>\n<p class=\"TableParagraph\" style=\"box-sizing: border-box; font-variant-ligatures: normal; font-variant-caps: normal; font-variant-numeric: inherit; font-variant-east-asian: inherit; font-variant-alternates: inherit; font-variant-position: inherit; font-variant-emoji: inherit; font-stretch: inherit; line-height: inherit; font-optical-sizing: inherit; font-size-adjust: inherit; font-kerning: inherit; font-feature-settings: inherit; font-variation-settings: inherit; text-rendering: optimizelegibility; orphans: 2; text-align: start; widows: 2; -webkit-text-stroke-width: 0px; text-decoration-thickness: initial; text-decoration-style: initial; text-decoration-color: initial; word-spacing: 0px;\"><span style=\"font-family: 'Helvetica',sans-serif; color: #333333;\">Sipas PD-s\u00eb, ky hap \u00ebsht\u00eb \u201cnj\u00eb veprim i domosdosh\u00ebm p\u00ebr mbrojtjen e institucioneve dhe integritetit t\u00eb Kushtetut\u00ebs\u201d.<\/span><\/p>\n<p class=\"TableParagraph\" style=\"box-sizing: border-box; font-variant-ligatures: normal; font-variant-caps: normal; font-variant-numeric: inherit; font-variant-east-asian: inherit; font-variant-alternates: inherit; font-variant-position: inherit; font-variant-emoji: inherit; font-stretch: inherit; line-height: inherit; font-optical-sizing: inherit; font-size-adjust: inherit; font-kerning: inherit; font-feature-settings: inherit; font-variation-settings: inherit; text-rendering: optimizelegibility; orphans: 2; text-align: start; widows: 2; -webkit-text-stroke-width: 0px; text-decoration-thickness: initial; text-decoration-style: initial; text-decoration-color: initial; word-spacing: 0px;\"><span style=\"font-family: 'Helvetica',sans-serif; color: #333333;\">N\u00eb t\u00eb nj\u00ebjt\u00ebn mbledhje, demokrat\u00ebt miratuan edhe ngritjen e nj\u00eb Komisioni Hetimor p\u00ebr \u201cparregull\u00ebsit\u00eb n\u00eb fars\u00ebn zgjedhore t\u00eb 11 majit 2025\u201d.<\/span><\/p>\n<p class=\"TableParagraph\" style=\"box-sizing: border-box; font-variant-ligatures: normal; font-variant-caps: normal; font-variant-numeric: inherit; font-variant-east-asian: inherit; font-variant-alternates: inherit; font-variant-position: inherit; font-variant-emoji: inherit; font-stretch: inherit; line-height: inherit; font-optical-sizing: inherit; font-size-adjust: inherit; font-kerning: inherit; font-feature-settings: inherit; font-variation-settings: inherit; text-rendering: optimizelegibility; orphans: 2; text-align: start; widows: 2; -webkit-text-stroke-width: 0px; text-decoration-thickness: initial; text-decoration-style: initial; text-decoration-color: initial; word-spacing: 0px;\"><span style=\"font-family: 'Helvetica',sans-serif; color: #333333;\">PD gjithashtu ka denoncuar ashp\u00ebr qasjen e mazhoranc\u00ebs socialiste ndaj mekanizmave parlamentar\u00eb t\u00eb kontrollit, duke e konsideruar t\u00eb papranueshme m\u00ebnyr\u00ebn se si, sipas tyre, po mbyllet \u00e7do hap\u00ebsir\u00eb debati n\u00eb Kuvend.<\/span><\/p>\n<p class=\"TableParagraph\"><span style=\"font-family: 'Helvetica',sans-serif; color: #333333;\"><span style=\"box-sizing: border-box; font-style: inherit; font-variant: inherit; font-weight: inherit; font-stretch: inherit; font-size: inherit; font-optical-sizing: inherit; font-size-adjust: inherit; font-kerning: inherit; font-feature-settings: inherit; font-variation-settings: inherit; display: inline-block;\">Sipas PD, vet\u00ebm gjat\u00eb k\u00ebsaj jave jan\u00eb refuzuar tre mocione me debat, nj\u00eb k\u00ebrkes\u00eb p\u00ebr interpelanc\u00eb urgjente me Kryeministrin dhe nj\u00eb tjet\u00ebr p\u00ebr seanc\u00eb d\u00ebgjimore me Ministren e Arsimit, duke shkelur Kushtetut\u00ebn dhe Rregulloren e Kuvendit.<\/span><\/span><\/p>\n<p class=\"TableParagraph\" style=\"box-sizing: border-box; font-variant-ligatures: normal; font-variant-caps: normal; font-variant-numeric: inherit; font-variant-east-asian: inherit; font-variant-alternates: inherit; font-variant-position: inherit; font-variant-emoji: inherit; font-stretch: inherit; line-height: inherit; font-optical-sizing: inherit; font-size-adjust: inherit; font-kerning: inherit; font-feature-settings: inherit; font-variation-settings: inherit; text-rendering: optimizelegibility; orphans: 2; text-align: start; widows: 2; -webkit-text-stroke-width: 0px; text-decoration-thickness: initial; text-decoration-style: initial; text-decoration-color: initial; word-spacing: 0px;\"><span style=\"font-family: 'Helvetica',sans-serif; color: #333333;\">Mocionet e refuzuara lidhen me:<\/span><\/p>\n<p class=\"TableParagraph\" style=\"box-sizing: border-box; font-variant-ligatures: normal; font-variant-caps: normal; font-variant-numeric: inherit; font-variant-east-asian: inherit; font-variant-alternates: inherit; font-variant-position: inherit; font-variant-emoji: inherit; font-stretch: inherit; line-height: inherit; font-optical-sizing: inherit; font-size-adjust: inherit; font-kerning: inherit; font-feature-settings: inherit; font-variation-settings: inherit; text-rendering: optimizelegibility; orphans: 2; text-align: start; widows: 2; -webkit-text-stroke-width: 0px; text-decoration-thickness: initial; text-decoration-style: initial; text-decoration-color: initial; word-spacing: 0px;\"><span style=\"font-family: 'Helvetica',sans-serif; color: #333333;\">-Prioritetet e qeveris\u00eb n\u00eb programin q\u00eb p\u00ebrparon agjend\u00ebn europiane t\u00eb Shqip\u00ebris\u00eb;<\/span><\/p>\n<p class=\"TableParagraph\" style=\"box-sizing: border-box; font-variant-ligatures: normal; font-variant-caps: normal; font-variant-numeric: inherit; font-variant-east-asian: inherit; font-variant-alternates: inherit; font-variant-position: inherit; font-variant-emoji: inherit; font-stretch: inherit; line-height: inherit; font-optical-sizing: inherit; font-size-adjust: inherit; font-kerning: inherit; font-feature-settings: inherit; font-variation-settings: inherit; text-rendering: optimizelegibility; orphans: 2; text-align: start; widows: 2; -webkit-text-stroke-width: 0px; text-decoration-thickness: initial; text-decoration-style: initial; text-decoration-color: initial; word-spacing: 0px;\"><span style=\"font-family: 'Helvetica',sans-serif; color: #333333;\">-D\u00ebnimin e genocidit serb n\u00eb Kosov\u00eb, n\u00eb vijim t\u00eb k\u00ebrkes\u00ebs s\u00eb Presidentes s\u00eb Kosov\u00ebs, Vjosa Osmani;<\/span><\/p>\n<p class=\"TableParagraph\" style=\"box-sizing: border-box; font-variant-ligatures: normal; font-variant-caps: normal; font-variant-numeric: inherit; font-variant-east-asian: inherit; font-variant-alternates: inherit; font-variant-position: inherit; font-variant-emoji: inherit; font-stretch: inherit; line-height: inherit; font-optical-sizing: inherit; font-size-adjust: inherit; font-kerning: inherit; font-feature-settings: inherit; font-variation-settings: inherit; text-rendering: optimizelegibility; orphans: 2; text-align: start; widows: 2; -webkit-text-stroke-width: 0px; text-decoration-thickness: initial; text-decoration-style: initial; text-decoration-color: initial; word-spacing: 0px;\"><span style=\"font-family: 'Helvetica',sans-serif; color: #333333;\">-Gjetjen e mekanizmave ligjor\u00eb q\u00eb ofrojn\u00eb siguri p\u00ebr Bashkimin Europian q\u00eb t\u00eb zhbllokoj\u00eb 112 milion euro nga programi IPARD 3, p\u00ebrmes ngritjes s\u00eb nj\u00eb Komisioni t\u00eb Posa\u00e7\u00ebm Parlamentar.<\/span><\/p>\n","protected":false},"excerpt":{"rendered":"<p>Grupi Parlamentar i Partis\u00eb Demokratike ka nisur zyrtarisht procedurat p\u00ebr propozimin e shkarkimit t\u00eb Presidentit t\u00eb Republik\u00ebs, Bajram Begaj, duke e akuzuar p\u00ebr \u201cshkelje t\u00eb r\u00ebnd\u00eb t\u00eb Kushtetut\u00ebs\u201d. Vendimi \u00ebsht\u00eb marr\u00eb gjat\u00eb mbledhjes s\u00eb sotme t\u00eb grupit, ku u miratua nisma n\u00eb \u201cmb\u00ebshtetje t\u00eb pik\u00ebs 2 t\u00eb nenit 90 t\u00eb Kushtetut\u00ebs s\u00eb Shqip\u00ebris\u00eb\u201d. Sipas PD-s\u00eb, &hellip;<\/p>\n","protected":false},"author":4,"featured_media":124604,"comment_status":"closed","ping_status":"closed","sticky":false,"template":"","format":"standard","meta":{"footnotes":""},"categories":[37],"tags":[],"class_list":["post-125235","post","type-post","status-publish","format-standard","has-post-thumbnail","","category-politike"],"_links":{"self":[{"href":"https:\/\/rdnews.al\/index.php\/wp-json\/wp\/v2\/posts\/125235","targetHints":{"allow":["GET"]}}],"collection":[{"href":"https:\/\/rdnews.al\/index.php\/wp-json\/wp\/v2\/posts"}],"about":[{"href":"https:\/\/rdnews.al\/index.php\/wp-json\/wp\/v2\/types\/post"}],"author":[{"embeddable":true,"href":"https:\/\/rdnews.al\/index.php\/wp-json\/wp\/v2\/users\/4"}],"replies":[{"embeddable":true,"href":"https:\/\/rdnews.al\/index.php\/wp-json\/wp\/v2\/comments?post=125235"}],"version-history":[{"count":1,"href":"https:\/\/rdnews.al\/index.php\/wp-json\/wp\/v2\/posts\/125235\/revisions"}],"predecessor-version":[{"id":125236,"href":"https:\/\/rdnews.al\/index.php\/wp-json\/wp\/v2\/posts\/125235\/revisions\/125236"}],"wp:featuredmedia":[{"embeddable":true,"href":"https:\/\/rdnews.al\/index.php\/wp-json\/wp\/v2\/media\/124604"}],"wp:attachment":[{"href":"https:\/\/rdnews.al\/index.php\/wp-json\/wp\/v2\/media?parent=125235"}],"wp:term":[{"taxonomy":"category","embeddable":true,"href":"https:\/\/rdnews.al\/index.php\/wp-json\/wp\/v2\/categories?post=125235"},{"taxonomy":"post_tag","embeddable":true,"href":"https:\/\/rdnews.al\/index.php\/wp-json\/wp\/v2\/tags?post=125235"}],"curies":[{"name":"wp","href":"https:\/\/api.w.org\/{rel}","templated":true}]}}