{"id":125239,"date":"2025-10-08T16:33:03","date_gmt":"2025-10-08T16:33:03","guid":{"rendered":"https:\/\/rdnews.al\/?p=125239"},"modified":"2025-10-08T21:02:46","modified_gmt":"2025-10-08T21:02:46","slug":"bardhi-edi-rama-vendosi-te-vazhdoje-traditen-per-tiu-fshehur-perballjes-per-ti-ikur-llogaridhenies","status":"publish","type":"post","link":"https:\/\/rdnews.al\/index.php\/2025\/10\/08\/bardhi-edi-rama-vendosi-te-vazhdoje-traditen-per-tiu-fshehur-perballjes-per-ti-ikur-llogaridhenies\/","title":{"rendered":"Rama nuk e njeh Parlamentin"},"content":{"rendered":"<p>Kryetari i Grupit Parlamentar t\u00eb PD, Gazment Bardhi ka folur pwr diskutimet n\u00eb mbledhjen e Grupit Parlamentar.<\/p>\n<p>N\u00eb postimin e tij, Bardhi shkruan se, Edi Rama vendosi t\u00eb vazhdoj\u00eb tradit\u00ebn p\u00ebr t&#8217;ju fshehur Kuvendit, p\u00ebr t\u2019ju fshehur p\u00ebrballjes, p\u00ebr t&#8217;i ikur llogaridh\u00ebnies.<\/p>\n<p><strong>Postimi <\/strong><\/p>\n<p>Mbledhja e Grupit Parlamentar t\u00eb PD<\/p>\n<p>Edi Rama ka vendosur t\u00eb asgjesoj\u00eb parlamentarizmin dhe ta shnd\u00ebrroj\u00eb Kuvendin n\u00eb nj\u00eb trup\u00eb memece ku nuk flitet, nuk debatohet, nuk paraqiten ide apo alternativa.<\/p>\n<p>Vet\u00ebm n\u00eb k\u00ebt\u00eb jav\u00eb, mazhoranca n\u00eb kund\u00ebrshtim me Kushtetut\u00ebn dhe Rregulloren e Kuvendit, ka refuzuar 3 mocione me debat, 1 k\u00ebrkes\u00eb p\u00ebr interpelanc\u00eb urgjente me Kryeministrin dhe 1 k\u00ebrkes\u00eb p\u00ebr seanc\u00eb d\u00ebgjimore n\u00eb Komisionin Parlamentar t\u00eb Arsimit me Ministren e Arsimit.<\/p>\n<p>Edi Rama vendosi t\u00eb vazhdoj\u00eb tradit\u00ebn p\u00ebr t&#8217;ju fshehur Kuvendit, p\u00ebr t\u2019ju fshehur p\u00ebrballjes, p\u00ebr t&#8217;i ikur llogaridh\u00ebnies. Si \u00e7do person i kapur n\u00eb shkelje t\u00eb ligjit, ka vendosur t\u00eb ik\u00eb n\u00eb drejtim t\u00eb paditur, t\u00eb fshihet.<\/p>\n","protected":false},"excerpt":{"rendered":"<p>Kryetari i Grupit Parlamentar t\u00eb PD, Gazment Bardhi ka folur pwr diskutimet n\u00eb mbledhjen e Grupit Parlamentar. N\u00eb postimin e tij, Bardhi shkruan se, Edi Rama vendosi t\u00eb vazhdoj\u00eb tradit\u00ebn p\u00ebr t&#8217;ju fshehur Kuvendit, p\u00ebr t\u2019ju fshehur p\u00ebrballjes, p\u00ebr t&#8217;i ikur llogaridh\u00ebnies. Postimi Mbledhja e Grupit Parlamentar t\u00eb PD Edi Rama ka vendosur t\u00eb asgjesoj\u00eb &hellip;<\/p>\n","protected":false},"author":4,"featured_media":125259,"comment_status":"closed","ping_status":"closed","sticky":false,"template":"","format":"standard","meta":{"footnotes":""},"categories":[37],"tags":[],"class_list":["post-125239","post","type-post","status-publish","format-standard","has-post-thumbnail","","category-politike"],"_links":{"self":[{"href":"https:\/\/rdnews.al\/index.php\/wp-json\/wp\/v2\/posts\/125239","targetHints":{"allow":["GET"]}}],"collection":[{"href":"https:\/\/rdnews.al\/index.php\/wp-json\/wp\/v2\/posts"}],"about":[{"href":"https:\/\/rdnews.al\/index.php\/wp-json\/wp\/v2\/types\/post"}],"author":[{"embeddable":true,"href":"https:\/\/rdnews.al\/index.php\/wp-json\/wp\/v2\/users\/4"}],"replies":[{"embeddable":true,"href":"https:\/\/rdnews.al\/index.php\/wp-json\/wp\/v2\/comments?post=125239"}],"version-history":[{"count":3,"href":"https:\/\/rdnews.al\/index.php\/wp-json\/wp\/v2\/posts\/125239\/revisions"}],"predecessor-version":[{"id":125261,"href":"https:\/\/rdnews.al\/index.php\/wp-json\/wp\/v2\/posts\/125239\/revisions\/125261"}],"wp:featuredmedia":[{"embeddable":true,"href":"https:\/\/rdnews.al\/index.php\/wp-json\/wp\/v2\/media\/125259"}],"wp:attachment":[{"href":"https:\/\/rdnews.al\/index.php\/wp-json\/wp\/v2\/media?parent=125239"}],"wp:term":[{"taxonomy":"category","embeddable":true,"href":"https:\/\/rdnews.al\/index.php\/wp-json\/wp\/v2\/categories?post=125239"},{"taxonomy":"post_tag","embeddable":true,"href":"https:\/\/rdnews.al\/index.php\/wp-json\/wp\/v2\/tags?post=125239"}],"curies":[{"name":"wp","href":"https:\/\/api.w.org\/{rel}","templated":true}]}}