{"id":125242,"date":"2025-10-08T18:06:32","date_gmt":"2025-10-08T18:06:32","guid":{"rendered":"https:\/\/rdnews.al\/?p=125242"},"modified":"2025-10-08T18:06:32","modified_gmt":"2025-10-08T18:06:32","slug":"qeveria-zgjat-mbrojtjen-e-drejtuesve-te-spak-dhe-te-byrose-kombetare-te-hetimit","status":"publish","type":"post","link":"https:\/\/rdnews.al\/index.php\/2025\/10\/08\/qeveria-zgjat-mbrojtjen-e-drejtuesve-te-spak-dhe-te-byrose-kombetare-te-hetimit\/","title":{"rendered":"Qeveria zgjat mbrojtjen e drejtuesve t\u00eb SPAK dhe t\u00eb Byros\u00eb Komb\u00ebtare t\u00eb Hetimit"},"content":{"rendered":"<p>Qeveria ka miratuar disa ndryshime n\u00eb ligjin p\u00ebr mbrojtjen e drejtuesve t\u00eb Gjykat\u00ebs s\u00eb Posa\u00e7me, Prokuroris\u00eb s\u00eb Posa\u00e7me dhe t\u00eb Byros\u00eb Komb\u00ebtare t\u00eb Hetimit.<\/p>\n<p>Sipas ndryshimeve t\u00eb miratuara n\u00eb mbledhjen e sotme t\u00eb K\u00ebshillit t\u00eb Ministrave, drejtuesit e GJKKO, SPAK-ut dhe BKH-s\u00eb do t\u00eb shoq\u00ebrohen me truproj\u00eb t\u00eb nivelit baz\u00eb dhe t\u00eb mes\u00ebm gjat\u00eb mandatit por edhe n\u00eb p\u00ebrfundim.<\/p>\n<p>P\u00ebr drejtuesit e Gjykat\u00ebs s\u00eb Posa\u00e7me dhe t\u00eb Byros\u00eb Komb\u00ebtare t\u00eb Hetimit, mbrojtja do t\u00eb vijoj\u00eb edhe p\u00ebr 2 vite pas p\u00ebrfundimit t\u00eb mandatit, nd\u00ebrsa p\u00ebr drejtuesin e Prokuroris\u00eb s\u00eb Posa\u00e7me (SPAK), kjo mbrojtje do t\u00eb vijoj\u00eb p\u00ebr 3 vite pas detyr\u00ebs.<\/p>\n<p>Pra, ndryshimi i miratuar sot nga qeveria \u00ebsht\u00eb pik\u00ebrisht zgjatja e afatit t\u00eb mbrojtjes p\u00ebr drejtuesin e SPAK pas p\u00ebrfundimit t\u00eb mandatit, nga 2 n\u00eb 3 vite.<\/p>\n","protected":false},"excerpt":{"rendered":"<p>Qeveria ka miratuar disa ndryshime n\u00eb ligjin p\u00ebr mbrojtjen e drejtuesve t\u00eb Gjykat\u00ebs s\u00eb Posa\u00e7me, Prokuroris\u00eb s\u00eb Posa\u00e7me dhe t\u00eb Byros\u00eb Komb\u00ebtare t\u00eb Hetimit. Sipas ndryshimeve t\u00eb miratuara n\u00eb mbledhjen e sotme t\u00eb K\u00ebshillit t\u00eb Ministrave, drejtuesit e GJKKO, SPAK-ut dhe BKH-s\u00eb do t\u00eb shoq\u00ebrohen me truproj\u00eb t\u00eb nivelit baz\u00eb dhe t\u00eb mes\u00ebm gjat\u00eb mandatit &hellip;<\/p>\n","protected":false},"author":4,"featured_media":125243,"comment_status":"closed","ping_status":"closed","sticky":false,"template":"","format":"standard","meta":{"footnotes":""},"categories":[37],"tags":[],"class_list":["post-125242","post","type-post","status-publish","format-standard","has-post-thumbnail","","category-politike"],"_links":{"self":[{"href":"https:\/\/rdnews.al\/index.php\/wp-json\/wp\/v2\/posts\/125242","targetHints":{"allow":["GET"]}}],"collection":[{"href":"https:\/\/rdnews.al\/index.php\/wp-json\/wp\/v2\/posts"}],"about":[{"href":"https:\/\/rdnews.al\/index.php\/wp-json\/wp\/v2\/types\/post"}],"author":[{"embeddable":true,"href":"https:\/\/rdnews.al\/index.php\/wp-json\/wp\/v2\/users\/4"}],"replies":[{"embeddable":true,"href":"https:\/\/rdnews.al\/index.php\/wp-json\/wp\/v2\/comments?post=125242"}],"version-history":[{"count":1,"href":"https:\/\/rdnews.al\/index.php\/wp-json\/wp\/v2\/posts\/125242\/revisions"}],"predecessor-version":[{"id":125244,"href":"https:\/\/rdnews.al\/index.php\/wp-json\/wp\/v2\/posts\/125242\/revisions\/125244"}],"wp:featuredmedia":[{"embeddable":true,"href":"https:\/\/rdnews.al\/index.php\/wp-json\/wp\/v2\/media\/125243"}],"wp:attachment":[{"href":"https:\/\/rdnews.al\/index.php\/wp-json\/wp\/v2\/media?parent=125242"}],"wp:term":[{"taxonomy":"category","embeddable":true,"href":"https:\/\/rdnews.al\/index.php\/wp-json\/wp\/v2\/categories?post=125242"},{"taxonomy":"post_tag","embeddable":true,"href":"https:\/\/rdnews.al\/index.php\/wp-json\/wp\/v2\/tags?post=125242"}],"curies":[{"name":"wp","href":"https:\/\/api.w.org\/{rel}","templated":true}]}}