{"id":125268,"date":"2025-10-09T08:34:14","date_gmt":"2025-10-09T08:34:14","guid":{"rendered":"https:\/\/rdnews.al\/?p=125268"},"modified":"2025-10-09T08:34:14","modified_gmt":"2025-10-09T08:34:14","slug":"topalli-me-vrasjen-e-gjyqtarit-eshte-vrare-iluzioni-se-ne-vendin-tone-ka-shtet","status":"publish","type":"post","link":"https:\/\/rdnews.al\/index.php\/2025\/10\/09\/topalli-me-vrasjen-e-gjyqtarit-eshte-vrare-iluzioni-se-ne-vendin-tone-ka-shtet\/","title":{"rendered":"Topalli: Me vrasjen e gjyqtarit \u00ebsht\u00eb vrar\u00eb iluzioni se n\u00eb vendin ton\u00eb ka shtet!"},"content":{"rendered":"<p>Seanca e sotme plenare nisi me nj\u00eb minut\u00eb heshtje n\u00eb nder t\u00eb gjyqtarit Astrit Kalaja, i cili u vra tragjikisht brenda ambienteve t\u00eb Gjykat\u00ebs s\u00eb Apelit Tiran\u00eb.<\/p>\n<p>Deputetja e PD, Jozefina Topalli, gjat\u00eb fjal\u00ebs s\u00eb saj n\u00eb Kuvend, tha se kjo minut\u00eb heshtje \u00ebsht\u00eb minimumi q\u00eb mund t\u00eb b\u00ebhej, por q\u00eb rrezikon t\u00eb kthehet n\u00eb nj\u00eb akt hipokrizie n\u00ebse politika dhe shteti nuk reflektojn\u00eb seriozisht p\u00ebr at\u00eb q\u00eb ndodhi.<\/p>\n<p>Topalli e cil\u00ebsoi ngjarjen si t\u00eb paprecedent\u00eb jo vet\u00ebm n\u00eb Shqip\u00ebri, por n\u00eb mbar\u00eb bot\u00ebn, duke theksuar se as kartelet e drog\u00ebs dhe as mafia m\u00eb fam\u00ebkeqe nuk kan\u00eb vrar\u00eb ndonj\u00ebher\u00eb nj\u00eb gjyqtar n\u00eb zyr\u00eb, nd\u00ebrsa n\u00eb Shqip\u00ebri kjo ka ndodhur.<\/p>\n<p>\u201cE filluat seanc\u00ebn plenare me nj\u00eb minut\u00eb heshtje. \u00cbsht\u00eb minimumi q\u00eb mund t\u00eb b\u00ebhet. N\u00eb fakt, q\u00eb t\u00eb mos duket se ajo nj\u00eb minut\u00eb heshtje ishte hipokrizi, mendoj se ajo q\u00eb ka ndodhur me vrasjen n\u00eb zyr\u00eb t\u00eb gjyqtarit \u00ebsht\u00eb e paprecedent\u00eb n\u00eb bot\u00eb. As kartelet e Ekuadorit nuk kan\u00eb vrar\u00eb kurr\u00eb nj\u00eb gjyqtar n\u00eb zyr\u00ebn e tij, as mafia italiane nuk ka vrar\u00eb ndonj\u00ebher\u00eb nj\u00eb gjyqtar duke lexuar vendimin. Kjo ka ndodhur vet\u00ebm n\u00eb vendin ton\u00eb.<\/p>\n<p>Minimumi q\u00eb mund t\u00eb b\u00ebjm\u00eb ne si Parlament \u00ebsht\u00eb t\u00eb nisim nj\u00eb moment t\u00eb madh reflektimi komb\u00ebtar. Relativizimi q\u00eb p\u00ebrpiqen t\u2019i b\u00ebjn\u00eb n\u00eb m\u00ebnyra t\u00eb ndryshme k\u00ebsaj vrasjeje, n\u00eb fakt, tregon se kombi yn\u00eb \u00ebsht\u00eb n\u00eb cep t\u00eb humner\u00ebs. Kjo \u00ebsht\u00eb nj\u00eb kamban\u00eb alarmi p\u00ebr ne dhe p\u00ebr shtetin.<\/p>\n<p>Por n\u00eb nj\u00eb vend ku ka ministra dhe nuk ka shtet, n\u00eb nj\u00eb vend ku ka ligje dhe nuk ka drejt\u00ebsi, n\u00eb nj\u00eb vend ku presidenti nuk njeh Gjykat\u00ebn Kushtetuese \u2013 m\u00eb thoni, \u00e7far\u00eb emri t\u2019i v\u00ebm\u00eb?<\/p>\n<p>Ju mendoni se autokracia shpallet me dekret. Jo ajo fillon me nj\u00eb proces: fillimisht duke frik\u00ebsuar deputet\u00ebt, pastaj pushtetin lokal, m\u00eb pas duke ia ngushtuar fjal\u00ebn qytetarit dhe n\u00eb fund, duke relativizuar gjith\u00e7ka.<\/p>\n<p>Me vrasjen e gjyqtarit \u00ebsht\u00eb vrar\u00eb iluzioni se n\u00eb vendin ton\u00eb ka shtet. N\u00ebse nuk reflektojm\u00eb, ky vend do t\u00eb shkoj\u00eb drejt humner\u00ebs\u201d, tha Topalli.<\/p>\n","protected":false},"excerpt":{"rendered":"<p>Seanca e sotme plenare nisi me nj\u00eb minut\u00eb heshtje n\u00eb nder t\u00eb gjyqtarit Astrit Kalaja, i cili u vra tragjikisht brenda ambienteve t\u00eb Gjykat\u00ebs s\u00eb Apelit Tiran\u00eb. Deputetja e PD, Jozefina Topalli, gjat\u00eb fjal\u00ebs s\u00eb saj n\u00eb Kuvend, tha se kjo minut\u00eb heshtje \u00ebsht\u00eb minimumi q\u00eb mund t\u00eb b\u00ebhej, por q\u00eb rrezikon t\u00eb kthehet n\u00eb &hellip;<\/p>\n","protected":false},"author":4,"featured_media":125269,"comment_status":"closed","ping_status":"closed","sticky":false,"template":"","format":"standard","meta":{"footnotes":""},"categories":[37],"tags":[],"class_list":["post-125268","post","type-post","status-publish","format-standard","has-post-thumbnail","","category-politike"],"_links":{"self":[{"href":"https:\/\/rdnews.al\/index.php\/wp-json\/wp\/v2\/posts\/125268","targetHints":{"allow":["GET"]}}],"collection":[{"href":"https:\/\/rdnews.al\/index.php\/wp-json\/wp\/v2\/posts"}],"about":[{"href":"https:\/\/rdnews.al\/index.php\/wp-json\/wp\/v2\/types\/post"}],"author":[{"embeddable":true,"href":"https:\/\/rdnews.al\/index.php\/wp-json\/wp\/v2\/users\/4"}],"replies":[{"embeddable":true,"href":"https:\/\/rdnews.al\/index.php\/wp-json\/wp\/v2\/comments?post=125268"}],"version-history":[{"count":1,"href":"https:\/\/rdnews.al\/index.php\/wp-json\/wp\/v2\/posts\/125268\/revisions"}],"predecessor-version":[{"id":125270,"href":"https:\/\/rdnews.al\/index.php\/wp-json\/wp\/v2\/posts\/125268\/revisions\/125270"}],"wp:featuredmedia":[{"embeddable":true,"href":"https:\/\/rdnews.al\/index.php\/wp-json\/wp\/v2\/media\/125269"}],"wp:attachment":[{"href":"https:\/\/rdnews.al\/index.php\/wp-json\/wp\/v2\/media?parent=125268"}],"wp:term":[{"taxonomy":"category","embeddable":true,"href":"https:\/\/rdnews.al\/index.php\/wp-json\/wp\/v2\/categories?post=125268"},{"taxonomy":"post_tag","embeddable":true,"href":"https:\/\/rdnews.al\/index.php\/wp-json\/wp\/v2\/tags?post=125268"}],"curies":[{"name":"wp","href":"https:\/\/api.w.org\/{rel}","templated":true}]}}