{"id":125271,"date":"2025-10-09T08:40:37","date_gmt":"2025-10-09T08:40:37","guid":{"rendered":"https:\/\/rdnews.al\/?p=125271"},"modified":"2025-10-09T08:40:37","modified_gmt":"2025-10-09T08:40:37","slug":"berisha-pershendet-planin-e-paqes-te-trump-per-izraelin-dhe-gazen-enver-hoxhen-e-futet-ne-agjende-me-urdher-te-edi-rames","status":"publish","type":"post","link":"https:\/\/rdnews.al\/index.php\/2025\/10\/09\/berisha-pershendet-planin-e-paqes-te-trump-per-izraelin-dhe-gazen-enver-hoxhen-e-futet-ne-agjende-me-urdher-te-edi-rames\/","title":{"rendered":"Berisha p\u00ebrsh\u00ebndet planin e paqes t\u00eb Trump p\u00ebr Izraelin dhe Gaz\u00ebn: Enver Hoxh\u00ebn e fut\u00ebt n\u00eb agjend\u00eb me urdh\u00ebr t\u00eb Edi Ram\u00ebs!"},"content":{"rendered":"<p>Kryetari i PD, Sali Berisha, n\u00eb fjal\u00ebn e tij n\u00eb Kuvend, p\u00ebrsh\u00ebndeti planin e paqes t\u00eb Trump p\u00ebr Izraelin dhe Gaz\u00ebn!<\/p>\n<p>Berisha tha se, n\u00eb vend q\u00eb kryeparlamentari Niko Peleshi t\u00eb p\u00ebrsh\u00ebndeste nj\u00eb marr\u00ebveshje t\u00eb till\u00eb, q\u00eb ka efekte t\u00eb m\u00ebdha n\u00eb diplomacin\u00eb nd\u00ebrkomb\u00ebtare, merret me diktatorin Enver Hoxha, duke e futur n\u00eb agjend\u00ebn e Kuvendit me urdh\u00ebr t\u00eb Edi Ram\u00ebs.<\/p>\n<p>\u201cReagimi i parafol\u00ebsit p\u00ebrb\u00ebn nj\u00eb absurditet dhe m\u00eb shum\u00eb se kaq.<\/p>\n<p>Zoti Shehu, k\u00ebtu p\u00ebrsh\u00ebndeti hapin e par\u00eb t\u00eb marr\u00ebveshjes prej 21 pikash t\u00eb planit t\u00eb paqes t\u00eb presidentit Trump, dhe e kan\u00eb p\u00ebrsh\u00ebndetur, sa p\u00ebr dijeni, edhe personalitete bot\u00ebrore.<\/p>\n<p>\u00cbsht\u00eb hapi i par\u00eb dhe meriton p\u00ebrsh\u00ebndetjen m\u00eb t\u00eb plot\u00eb.<\/p>\n<p>Izraeli t\u00ebrhiqet n\u00eb nj\u00eb linj\u00eb t\u00eb caktuar, lirohen 20 pengjet e gjalla nga Hamasi.<\/p>\n<p>\u00c7far\u00eb ka k\u00ebtu?<\/p>\n<p>\u00c7far\u00eb u shkel k\u00ebtu?<\/p>\n<p>Kush e pengoi kryetarin e parlamentit t\u00eb hap\u00eb parlamentin me nj\u00eb p\u00ebrsh\u00ebndetje t\u00eb till\u00eb?<\/p>\n<p>Kush e pengoi kryetarin e partis\u00eb s\u00eb krimit t\u00eb k\u00ebrkoj\u00eb fjal\u00ebn?<\/p>\n<p>\u00c7far\u00eb \u00ebsht\u00eb kjo?<\/p>\n<p>Kjo \u00ebsht\u00eb p\u00ebr t\u2019u p\u00ebrsh\u00ebndetur.<\/p>\n<p>Jan\u00eb 20 pengje q\u00eb lirohen.<\/p>\n<p>Po e p\u00ebrsh\u00ebndesin t\u00eb tjer\u00ebt.<\/p>\n<p>Kurse ne i b\u00ebjm\u00eb gjyqin atij q\u00eb propozoi.<\/p>\n<p>K\u00ebt\u00eb duhet ta b\u00ebnit ju.<\/p>\n<p>Por ti e hape parlamentin me nj\u00eb apologji hipokrite.<\/p>\n<p>Enver Hoxh\u00ebn e fute ti me urdh\u00ebr t\u00eb Edi Ram\u00ebs n\u00eb axhend\u00eb.<\/p>\n<p>Kryexhelatin e shqiptar\u00ebve, Hitlerin e shqipta\u00ebrve e fut\u00ebt ju.<\/p>\n<p>Nuk \u00ebsht\u00eb gabim, nuk \u00ebsht\u00eb aberracion i libraris\u00eb.<\/p>\n<p>Ka nj\u00eb ligj ky parlament t\u00eb vitit 1992, q\u00eb ndalon dhe d\u00ebnon propagand\u00ebn komuniste p\u00ebr Enver Hoxh\u00ebn. Ka rezolut\u00eb parlamenti.<\/p>\n<p>Nuk \u00ebsht\u00eb pun\u00eb biblioteke kjo.<\/p>\n<p>Rezolutat e parlamentit jan\u00eb t\u00eb detyruara.<\/p>\n<p>Imagjinoni ju se \u00e7far\u00eb do ndodhte po t\u00eb futej Hitleri n\u00eb Bundestag.<\/p>\n<p>Ju do thoni nuk ishte Enver Hoxha n\u00eb p\u00ebrmasat e Hitlerit. Un\u00eb u them ju k\u00ebtu se n\u00eb prill t\u00eb vitit 1991, samiti i EDU e ka vler\u00ebsuar n\u00eb deklarat\u00ebn e tij Enver Hoxh\u00ebn si Hitleri i pasluft\u00ebs.<\/p>\n<p>Ka disa anologjira, infanticidi mes t\u00eb tjerash\u201d, u shpreh Berisha.<\/p>\n","protected":false},"excerpt":{"rendered":"<p>Kryetari i PD, Sali Berisha, n\u00eb fjal\u00ebn e tij n\u00eb Kuvend, p\u00ebrsh\u00ebndeti planin e paqes t\u00eb Trump p\u00ebr Izraelin dhe Gaz\u00ebn! Berisha tha se, n\u00eb vend q\u00eb kryeparlamentari Niko Peleshi t\u00eb p\u00ebrsh\u00ebndeste nj\u00eb marr\u00ebveshje t\u00eb till\u00eb, q\u00eb ka efekte t\u00eb m\u00ebdha n\u00eb diplomacin\u00eb nd\u00ebrkomb\u00ebtare, merret me diktatorin Enver Hoxha, duke e futur n\u00eb agjend\u00ebn e &hellip;<\/p>\n","protected":false},"author":4,"featured_media":125272,"comment_status":"closed","ping_status":"closed","sticky":false,"template":"","format":"standard","meta":{"footnotes":""},"categories":[37],"tags":[],"class_list":["post-125271","post","type-post","status-publish","format-standard","has-post-thumbnail","","category-politike"],"_links":{"self":[{"href":"https:\/\/rdnews.al\/index.php\/wp-json\/wp\/v2\/posts\/125271","targetHints":{"allow":["GET"]}}],"collection":[{"href":"https:\/\/rdnews.al\/index.php\/wp-json\/wp\/v2\/posts"}],"about":[{"href":"https:\/\/rdnews.al\/index.php\/wp-json\/wp\/v2\/types\/post"}],"author":[{"embeddable":true,"href":"https:\/\/rdnews.al\/index.php\/wp-json\/wp\/v2\/users\/4"}],"replies":[{"embeddable":true,"href":"https:\/\/rdnews.al\/index.php\/wp-json\/wp\/v2\/comments?post=125271"}],"version-history":[{"count":1,"href":"https:\/\/rdnews.al\/index.php\/wp-json\/wp\/v2\/posts\/125271\/revisions"}],"predecessor-version":[{"id":125273,"href":"https:\/\/rdnews.al\/index.php\/wp-json\/wp\/v2\/posts\/125271\/revisions\/125273"}],"wp:featuredmedia":[{"embeddable":true,"href":"https:\/\/rdnews.al\/index.php\/wp-json\/wp\/v2\/media\/125272"}],"wp:attachment":[{"href":"https:\/\/rdnews.al\/index.php\/wp-json\/wp\/v2\/media?parent=125271"}],"wp:term":[{"taxonomy":"category","embeddable":true,"href":"https:\/\/rdnews.al\/index.php\/wp-json\/wp\/v2\/categories?post=125271"},{"taxonomy":"post_tag","embeddable":true,"href":"https:\/\/rdnews.al\/index.php\/wp-json\/wp\/v2\/tags?post=125271"}],"curies":[{"name":"wp","href":"https:\/\/api.w.org\/{rel}","templated":true}]}}