{"id":125274,"date":"2025-10-09T08:56:04","date_gmt":"2025-10-09T08:56:04","guid":{"rendered":"https:\/\/rdnews.al\/?p=125274"},"modified":"2025-10-09T08:56:04","modified_gmt":"2025-10-09T08:56:04","slug":"bardhi-ska-ndodhur-kurre-te-vritet-nje-gjyqtar-ne-sallen-e-gjyqit-ministrja-e-brendshme-duhet-te-kishte-dhene-doreheqjen","status":"publish","type":"post","link":"https:\/\/rdnews.al\/index.php\/2025\/10\/09\/bardhi-ska-ndodhur-kurre-te-vritet-nje-gjyqtar-ne-sallen-e-gjyqit-ministrja-e-brendshme-duhet-te-kishte-dhene-doreheqjen\/","title":{"rendered":"Bardhi: S\u2019ka ndodhur kurr\u00eb t\u00eb vritet nj\u00eb gjyqtar n\u00eb sall\u00ebn e gjyqit! Ministrja e Brendshme duhet t\u00eb kishte dh\u00ebn\u00eb dor\u00ebheqjen"},"content":{"rendered":"<p>Kreu i Grupit Parlamentar t\u00eb PD, Gazment Bardhi gjat\u00eb fjal\u00ebs s\u00eb tij n\u00eb seanc\u00ebn plenare foli edhe p\u00ebr\u00a0ngjarjen\u00a0trondit\u00ebse\u00a0t\u00eb vrasjes s\u00eb gjyqtarit Astrit Kalaja n\u00eb sall\u00ebn e Gjykat\u00ebs s\u00eb Apelit.<\/p>\n<p>Ai tha se, ngjarja \u00ebsht\u00eb nj\u00eb d\u00ebshmi e qart\u00eb e d\u00ebshtimit t\u00eb sistemit t\u00eb siguris\u00eb n\u00eb gjykata dhe e munges\u00ebs s\u00eb p\u00ebrgjegj\u00ebsis\u00eb nga Ministria e Brendshme, duke u shprehur se nj\u00eb gjyqtar nuk duhet t\u00eb jet\u00eb i ekspozuar ndaj rrezikut p\u00ebr t\u00eb dh\u00ebn\u00eb vendimin e tij.<\/p>\n<p>&#8220;Faleminderit, zot\u00ebri kryetar. Dhe un\u00eb e kam p\u00ebr \u00e7\u00ebshtjen q\u00eb ngriti zonja Topalli dhe n\u00eb em\u00ebr t\u00eb PD-s\u00eb i shpreh ngush\u00ebllimet m\u00eb t\u00eb sinqerta familjes dhe koleg\u00ebve t\u00eb gjyqtarit t\u00eb ndjer\u00eb.<\/p>\n<p>Un\u00eb besoj se seanca duhet t\u00eb kishte nisur me dor\u00ebheqjen e ministres s\u00eb Brendshme, Albana Ko\u00e7iu.<\/p>\n<p>\u00cbsht\u00eb e paimagjinueshme q\u00eb nj\u00eb gjyqtar t\u00eb vritet n\u00eb sall\u00ebn e gjykat\u00ebs, teksa lexon vendimin gjyq\u00ebsor, sipas bindjes s\u00eb tij t\u00eb lir\u00eb, dhe ministria e Brendshme t\u00eb jap\u00eb opinionin publik se policia e shtetit nuk ka detyrime p\u00ebr t\u00eb garantuar sigurin\u00eb n\u00eb Gjykat\u00ebn e Apelit.<\/p>\n<p>Sipas legjislacionit n\u00eb fuqi, \u00ebsht\u00eb detyr\u00eb e shtetit t\u00eb garantoj\u00eb sigurin\u00eb n\u00eb rrug\u00ebt dhe ambientet e tij. Detyrimi \u00ebsht\u00eb nxjerr\u00eb zbuluar nga KLSH, i cili publikoi korrespondenc\u00ebn me ministrin e Brendsh\u00ebm, ku k\u00ebrkohej nd\u00ebrhyrje p\u00ebr shkak t\u00eb ngjarjeve q\u00eb kishin ndodhur n\u00eb Gjykat\u00ebn e Apelit, ku gjyqtar\u00ebt ishin ndjer\u00eb t\u00eb k\u00ebrc\u00ebnuar.<\/p>\n<p>Kjo ngjarje tronditi jo vet\u00ebm opinionin publik shqiptar, por edhe at\u00eb nd\u00ebrkomb\u00ebtar, pas sqarimit dhe reagimit q\u00eb b\u00ebri ministria, ku shprehu se nuk ka punonj\u00ebs policie q\u00eb kan\u00eb qen\u00eb p\u00ebrgjegj\u00ebs dhe se nuk ka pasur asnj\u00ebher\u00eb veprim n\u00eb gjykat\u00eb.<\/p>\n<p>N\u00eb der\u00ebn e gjykat\u00ebs, p\u00ebr hyrje-daljet e individ\u00ebve n\u00eb Gjykat\u00ebn e Apelit \u00ebsht\u00eb p\u00ebrgjegj\u00ebs punonj\u00ebsi i policis\u00eb, dhe nuk mundet q\u00eb nj\u00eb punonj\u00ebs i armatosur t\u00eb ndaloj\u00eb nj\u00eb tjet\u00ebr punonj\u00ebs t\u00eb armatosur q\u00eb hyn n\u00eb gjykat\u00eb&#8221;, tha Bardhi.<\/p>\n","protected":false},"excerpt":{"rendered":"<p>Kreu i Grupit Parlamentar t\u00eb PD, Gazment Bardhi gjat\u00eb fjal\u00ebs s\u00eb tij n\u00eb seanc\u00ebn plenare foli edhe p\u00ebr\u00a0ngjarjen\u00a0trondit\u00ebse\u00a0t\u00eb vrasjes s\u00eb gjyqtarit Astrit Kalaja n\u00eb sall\u00ebn e Gjykat\u00ebs s\u00eb Apelit. Ai tha se, ngjarja \u00ebsht\u00eb nj\u00eb d\u00ebshmi e qart\u00eb e d\u00ebshtimit t\u00eb sistemit t\u00eb siguris\u00eb n\u00eb gjykata dhe e munges\u00ebs s\u00eb p\u00ebrgjegj\u00ebsis\u00eb nga Ministria e Brendshme, &hellip;<\/p>\n","protected":false},"author":4,"featured_media":125275,"comment_status":"closed","ping_status":"closed","sticky":false,"template":"","format":"standard","meta":{"footnotes":""},"categories":[37],"tags":[],"class_list":["post-125274","post","type-post","status-publish","format-standard","has-post-thumbnail","","category-politike"],"_links":{"self":[{"href":"https:\/\/rdnews.al\/index.php\/wp-json\/wp\/v2\/posts\/125274","targetHints":{"allow":["GET"]}}],"collection":[{"href":"https:\/\/rdnews.al\/index.php\/wp-json\/wp\/v2\/posts"}],"about":[{"href":"https:\/\/rdnews.al\/index.php\/wp-json\/wp\/v2\/types\/post"}],"author":[{"embeddable":true,"href":"https:\/\/rdnews.al\/index.php\/wp-json\/wp\/v2\/users\/4"}],"replies":[{"embeddable":true,"href":"https:\/\/rdnews.al\/index.php\/wp-json\/wp\/v2\/comments?post=125274"}],"version-history":[{"count":1,"href":"https:\/\/rdnews.al\/index.php\/wp-json\/wp\/v2\/posts\/125274\/revisions"}],"predecessor-version":[{"id":125276,"href":"https:\/\/rdnews.al\/index.php\/wp-json\/wp\/v2\/posts\/125274\/revisions\/125276"}],"wp:featuredmedia":[{"embeddable":true,"href":"https:\/\/rdnews.al\/index.php\/wp-json\/wp\/v2\/media\/125275"}],"wp:attachment":[{"href":"https:\/\/rdnews.al\/index.php\/wp-json\/wp\/v2\/media?parent=125274"}],"wp:term":[{"taxonomy":"category","embeddable":true,"href":"https:\/\/rdnews.al\/index.php\/wp-json\/wp\/v2\/categories?post=125274"},{"taxonomy":"post_tag","embeddable":true,"href":"https:\/\/rdnews.al\/index.php\/wp-json\/wp\/v2\/tags?post=125274"}],"curies":[{"name":"wp","href":"https:\/\/api.w.org\/{rel}","templated":true}]}}