{"id":125340,"date":"2025-10-09T14:28:06","date_gmt":"2025-10-09T14:28:06","guid":{"rendered":"https:\/\/rdnews.al\/?p=125340"},"modified":"2025-10-09T14:28:06","modified_gmt":"2025-10-09T14:28:06","slug":"berisha-me-vendimin-e-sotem-te-gjykates-kushtetuese-fituan-te-gjithe-shqiptaret","status":"publish","type":"post","link":"https:\/\/rdnews.al\/index.php\/2025\/10\/09\/berisha-me-vendimin-e-sotem-te-gjykates-kushtetuese-fituan-te-gjithe-shqiptaret\/","title":{"rendered":"Berisha: Me vendimin e sot\u00ebm t\u00eb Gjykat\u00ebs Kushtetuese fituan t\u00eb gjith\u00eb shqiptar\u00ebt!"},"content":{"rendered":"<p>I pyetur nga gazetar\u00ebt n\u00ebse PD do t\u00eb nd\u00ebrpres\u00eb p\u00ebrgatitjet p\u00ebr zgjedhjet n\u00eb Tiran\u00eb, kreu i opozit\u00ebs Sali Berisha tha se, me vendimin e dh\u00ebn\u00eb sot nga Gjykata Kushtetuese, kan\u00eb fituar t\u00eb gjith\u00eb shqiptar\u00ebt.<\/p>\n<p><strong>Pyetje:\u00a0<\/strong>Do i nd\u00ebrprisni p\u00ebrgatitjet p\u00ebr Tiran\u00ebn, tani?<\/p>\n<p><strong>Sali Berisha:\u00a0<\/strong>P\u00ebr Tiran\u00ebn do t\u00eb punojm\u00eb \u00e7do dit\u00eb, por natyrisht do t\u00eb respektojm\u00eb vendimin e gjykat\u00ebs.<\/p>\n<p><strong>Pyetje:\u00a0<\/strong>Pezullimi\u00a0i dekretit u b\u00eb pas nj\u00eb padie q\u00eb b\u00ebri Veliaj. Tani q\u00eb \u00ebsht\u00eb pezulluar kjo \u00ebsht\u00eb nj\u00eb fitore e PD, e Veliajt apo nj\u00eb fitore q\u00eb ju bashkon t\u00eb dyve?<\/p>\n<p><strong>Sali Berisha:<\/strong>\u00a0Kjo nuk \u00ebsht\u00eb nj\u00eb fitore p\u00ebr PD, \u00ebsht\u00eb nj\u00eb fitore p\u00ebr \u00e7do shqiptar. P\u00ebr t\u00eb gjith\u00eb ata t\u00eb cil\u00ebt besojn\u00eb se Kushtetuta duhet respektuar si garanci p\u00ebr t\u00eb drejtat e tyre. P\u00ebr ta d\u00ebrguar n\u00eb Gjykat\u00ebn Kushtetuese e \u00e7uan avoket\u00ebrit e Erion Veliajt. N\u00eb k\u00ebt\u00eb kontekst \u00ebsht\u00eb speficikisht nj\u00eb fitore e avokat\u00ebve mbrojt\u00ebs dhe vet\u00eb Erion Veliajt.<\/p>\n","protected":false},"excerpt":{"rendered":"<p>I pyetur nga gazetar\u00ebt n\u00ebse PD do t\u00eb nd\u00ebrpres\u00eb p\u00ebrgatitjet p\u00ebr zgjedhjet n\u00eb Tiran\u00eb, kreu i opozit\u00ebs Sali Berisha tha se, me vendimin e dh\u00ebn\u00eb sot nga Gjykata Kushtetuese, kan\u00eb fituar t\u00eb gjith\u00eb shqiptar\u00ebt. Pyetje:\u00a0Do i nd\u00ebrprisni p\u00ebrgatitjet p\u00ebr Tiran\u00ebn, tani? Sali Berisha:\u00a0P\u00ebr Tiran\u00ebn do t\u00eb punojm\u00eb \u00e7do dit\u00eb, por natyrisht do t\u00eb respektojm\u00eb vendimin &hellip;<\/p>\n","protected":false},"author":4,"featured_media":125341,"comment_status":"closed","ping_status":"closed","sticky":false,"template":"","format":"standard","meta":{"footnotes":""},"categories":[37],"tags":[],"class_list":["post-125340","post","type-post","status-publish","format-standard","has-post-thumbnail","","category-politike"],"_links":{"self":[{"href":"https:\/\/rdnews.al\/index.php\/wp-json\/wp\/v2\/posts\/125340","targetHints":{"allow":["GET"]}}],"collection":[{"href":"https:\/\/rdnews.al\/index.php\/wp-json\/wp\/v2\/posts"}],"about":[{"href":"https:\/\/rdnews.al\/index.php\/wp-json\/wp\/v2\/types\/post"}],"author":[{"embeddable":true,"href":"https:\/\/rdnews.al\/index.php\/wp-json\/wp\/v2\/users\/4"}],"replies":[{"embeddable":true,"href":"https:\/\/rdnews.al\/index.php\/wp-json\/wp\/v2\/comments?post=125340"}],"version-history":[{"count":1,"href":"https:\/\/rdnews.al\/index.php\/wp-json\/wp\/v2\/posts\/125340\/revisions"}],"predecessor-version":[{"id":125342,"href":"https:\/\/rdnews.al\/index.php\/wp-json\/wp\/v2\/posts\/125340\/revisions\/125342"}],"wp:featuredmedia":[{"embeddable":true,"href":"https:\/\/rdnews.al\/index.php\/wp-json\/wp\/v2\/media\/125341"}],"wp:attachment":[{"href":"https:\/\/rdnews.al\/index.php\/wp-json\/wp\/v2\/media?parent=125340"}],"wp:term":[{"taxonomy":"category","embeddable":true,"href":"https:\/\/rdnews.al\/index.php\/wp-json\/wp\/v2\/categories?post=125340"},{"taxonomy":"post_tag","embeddable":true,"href":"https:\/\/rdnews.al\/index.php\/wp-json\/wp\/v2\/tags?post=125340"}],"curies":[{"name":"wp","href":"https:\/\/api.w.org\/{rel}","templated":true}]}}