{"id":125445,"date":"2025-10-11T13:46:12","date_gmt":"2025-10-11T13:46:12","guid":{"rendered":"https:\/\/rdnews.al\/?p=125445"},"modified":"2025-10-11T13:46:12","modified_gmt":"2025-10-11T13:46:12","slug":"kush-jane-6-kandidatet-e-pd-ne-zgjedhjet-e-pjesshme-lokale","status":"publish","type":"post","link":"https:\/\/rdnews.al\/index.php\/2025\/10\/11\/kush-jane-6-kandidatet-e-pd-ne-zgjedhjet-e-pjesshme-lokale\/","title":{"rendered":"Kush jan\u00eb 6 kandidat\u00ebt e PD n\u00eb zgjedhjet e pjesshme lokale"},"content":{"rendered":"<div class=\"chapo\">Partia Demokratike ka zyrtarizuar ekipin e saj p\u00ebr zgjedhjet e pjesshme lokale q\u00eb do t\u00eb zhvillohen n\u00eb gjasht\u00eb bashki: Tiran\u00eb, Vlor\u00eb, Berat, Mat, C\u00ebrrik dhe Tepelen\u00eb.<\/div>\n<p>P\u00ebr gar\u00ebn n\u00eb Tiran\u00eb, nj\u00eb nga m\u00eb t\u00eb diskutuara politikisht, opozita ka vendosur t\u00eb mos paraqes\u00eb nj\u00eb kandidat t\u00eb drejtp\u00ebrdrejt\u00eb nga radh\u00ebt e saj, por t\u00eb mb\u00ebshtes\u00eb kandidatin e pavarur Florjan Binaj, i njohur si aktor dhe aktivist.<\/p>\n<p>Nj\u00eb vendim i ngjash\u00ebm \u00ebsht\u00eb marr\u00eb edhe n\u00eb Vlor\u00eb, ku PD mb\u00ebshtet kandidatin e pavarur Dionis Sota, i cili ka prezantuar publikisht vizionin e tij p\u00ebr qytetin me moton \u201cNj\u00eb Vlor\u00eb Evropiane p\u00ebr t\u00eb gjith\u00eb\u201d.<\/p>\n<p>N\u00eb Tepelen\u00eb, PD ka p\u00ebrzgjedhur Gabriel Gum\u00ebn, nj\u00eb sip\u00ebrmarr\u00ebs 26-vje\u00e7ar, q\u00eb do t\u00eb p\u00ebrballet me kandidatin socialist Gramoz Sako, ish-komandant i Gard\u00ebs.<\/p>\n<p>N\u00eb Bashkin\u00eb e Matit, opozita ka kandiduar Eduart Brahilik\u00ebn, avokat me profesion, i cili do t\u00eb garoj\u00eb p\u00ebrball\u00eb kandidatit t\u00eb PS-s\u00eb, Altin Bojni.<\/p>\n<p>P\u00ebr C\u00ebrrikun, PD ka p\u00ebrzgjedhur Amarildo Hoxh\u00ebn, mjek me profesion, i cili do t\u00eb garoj\u00eb n\u00eb zgjedhjet e 9 n\u00ebntorit kund\u00ebr Florenc Dok\u00ebs nga Partia Socialiste; kjo bashki \u00ebsht\u00eb liruar pas em\u00ebrimit t\u00eb Andis Sall\u00ebs si minist\u00ebr i Bujq\u00ebsis\u00eb dhe Zhvillimit Rural.<\/p>\n<p>N\u00eb Berat, PD ka kandiduar Pavlo Shkarp\u00ebn. Zgjedhjet e pjesshme n\u00eb k\u00ebto bashki vijn\u00eb si pasoj\u00eb e vakancave t\u00eb krijuara pas zgjedhjes s\u00eb kryebashkiak\u00ebve aktual\u00eb si deputet\u00eb t\u00eb PS-s\u00eb n\u00eb zgjedhjet e 11 majit, nd\u00ebrsa n\u00eb Vlor\u00eb dhe C\u00ebrrik, postet u liruan pas dor\u00ebheqjes s\u00eb Ermal Dredh\u00ebs dhe em\u00ebrimit t\u00eb Andis Sall\u00ebs si minist\u00ebr.<\/p>\n<p>Sa i p\u00ebrket Tiran\u00ebs, edhe pse p\u00ebrfshihet n\u00eb list\u00ebn e bashkive me vakanc\u00eb, zhvillimi i zgjedhjeve \u00ebsht\u00eb pezulluar deri n\u00eb vendimin e Gjykat\u00ebs Kushtetuese, q\u00eb pritet t\u00eb shqyrtoj\u00eb ankimin e Erion Veliajt ndaj vendimit p\u00ebr shkarkimin e tij.<\/p>\n","protected":false},"excerpt":{"rendered":"<p>Partia Demokratike ka zyrtarizuar ekipin e saj p\u00ebr zgjedhjet e pjesshme lokale q\u00eb do t\u00eb zhvillohen n\u00eb gjasht\u00eb bashki: Tiran\u00eb, Vlor\u00eb, Berat, Mat, C\u00ebrrik dhe Tepelen\u00eb. P\u00ebr gar\u00ebn n\u00eb Tiran\u00eb, nj\u00eb nga m\u00eb t\u00eb diskutuara politikisht, opozita ka vendosur t\u00eb mos paraqes\u00eb nj\u00eb kandidat t\u00eb drejtp\u00ebrdrejt\u00eb nga radh\u00ebt e saj, por t\u00eb mb\u00ebshtes\u00eb kandidatin e &hellip;<\/p>\n","protected":false},"author":3,"featured_media":89408,"comment_status":"closed","ping_status":"closed","sticky":false,"template":"","format":"standard","meta":{"footnotes":""},"categories":[37],"tags":[],"class_list":["post-125445","post","type-post","status-publish","format-standard","has-post-thumbnail","","category-politike"],"_links":{"self":[{"href":"https:\/\/rdnews.al\/index.php\/wp-json\/wp\/v2\/posts\/125445","targetHints":{"allow":["GET"]}}],"collection":[{"href":"https:\/\/rdnews.al\/index.php\/wp-json\/wp\/v2\/posts"}],"about":[{"href":"https:\/\/rdnews.al\/index.php\/wp-json\/wp\/v2\/types\/post"}],"author":[{"embeddable":true,"href":"https:\/\/rdnews.al\/index.php\/wp-json\/wp\/v2\/users\/3"}],"replies":[{"embeddable":true,"href":"https:\/\/rdnews.al\/index.php\/wp-json\/wp\/v2\/comments?post=125445"}],"version-history":[{"count":1,"href":"https:\/\/rdnews.al\/index.php\/wp-json\/wp\/v2\/posts\/125445\/revisions"}],"predecessor-version":[{"id":125446,"href":"https:\/\/rdnews.al\/index.php\/wp-json\/wp\/v2\/posts\/125445\/revisions\/125446"}],"wp:featuredmedia":[{"embeddable":true,"href":"https:\/\/rdnews.al\/index.php\/wp-json\/wp\/v2\/media\/89408"}],"wp:attachment":[{"href":"https:\/\/rdnews.al\/index.php\/wp-json\/wp\/v2\/media?parent=125445"}],"wp:term":[{"taxonomy":"category","embeddable":true,"href":"https:\/\/rdnews.al\/index.php\/wp-json\/wp\/v2\/categories?post=125445"},{"taxonomy":"post_tag","embeddable":true,"href":"https:\/\/rdnews.al\/index.php\/wp-json\/wp\/v2\/tags?post=125445"}],"curies":[{"name":"wp","href":"https:\/\/api.w.org\/{rel}","templated":true}]}}