{"id":125447,"date":"2025-10-11T13:54:57","date_gmt":"2025-10-11T13:54:57","guid":{"rendered":"https:\/\/rdnews.al\/?p=125447"},"modified":"2025-10-11T13:55:12","modified_gmt":"2025-10-11T13:55:12","slug":"e-meritoje-ti-por-trump-rrefen-telefonaten-per-cmimin-nobel-per-paqen","status":"publish","type":"post","link":"https:\/\/rdnews.al\/index.php\/2025\/10\/11\/e-meritoje-ti-por-trump-rrefen-telefonaten-per-cmimin-nobel-per-paqen\/","title":{"rendered":"&#8220;E meritoje ti, por&#8230;&#8221;\/Trump rr\u00ebfen telefonat\u00ebn p\u00ebr \u00c7mimin Nobel p\u00ebr Paqen"},"content":{"rendered":"<p>Vler\u00ebsimi i Mar\u00eda Corina Machado nga Venezuela me \u00c7mimin Nobel p\u00ebr Paqen, ishte nj\u00eb zhg\u00ebnjim p\u00ebr presidentin amerikan, Donald Trump.<\/p>\n<p>Kreu i Sht\u00ebpis\u00eb s\u00eb Bardh\u00eb, vazhdimisht ka pohuar se e meriton t\u00eb vler\u00ebsohet me k\u00ebt\u00eb titull prestigjioz, pasi sipas tij, ka ndalur 7 luft\u00ebra n\u00eb bot\u00eb. Dhe nuk mund t\u00eb mungonte reagimi i presidentit Trump.<\/p>\n<p>N\u00eb nj\u00eb deklarat\u00eb p\u00ebr mediat n\u00eb Zyr\u00ebn Ovale, Donald Trump, tha se udh\u00ebheq\u00ebsja e opozit\u00ebs venezueliane, Mar\u00eda Corina Machado, e ka telefonuar pasi u vler\u00ebsua me \u00c7mimin Nobel p\u00ebr Paqen.<\/p>\n<p>Sipas Trump, Machado i tha atij se ajo \u201c<em>po e pranonte k\u00ebt\u00eb n\u00eb nderin t\u00ebnd, sepse ti e meritoje v\u00ebrtet\u00eb\u201d.<\/em><\/p>\n<p>\u201c<em>Personi q\u00eb n\u00eb fakt e mori \u00c7mimin Nobel m\u00eb telefonoi dhe m\u00eb tha: \u2018Po e pranoj k\u00ebt\u00eb n\u00eb nderin t\u00ebnd sepse e meriton v\u00ebrtet.\u2019 Nj\u00eb gj\u00eb shum\u00eb e mir\u00eb p\u00ebr t\u2019u b\u00ebr\u00eb. Ishte shum\u00eb e sjellshme. Dhe un\u00eb e kam ndihmuar gjat\u00eb gjith\u00eb rrug\u00ebs. Ata kan\u00eb nevoj\u00eb p\u00ebr shum\u00eb ndihm\u00eb n\u00eb Venezuel\u00eb. Jam i lumtur sepse shp\u00ebtova miliona jet\u00eb\u201d.<\/em><\/p>\n<p><em>\u201cIa dedikoj \u00e7mimin popullit q\u00eb vuan nga Venezuela dhe Presidentit Trump p\u00ebr mb\u00ebshtetjen e tij vendimtare ndaj kauz\u00ebs son\u00eb!\u201d,<\/em> shkroi Machado n\u00eb nj\u00eb postim n\u00eb platform\u00ebn X.<\/p>\n<p>Trump \u00ebsht\u00eb nj\u00eb kritik i ashp\u00ebr i Maduros dhe SHBA-t\u00eb jan\u00eb nj\u00eb nga nj\u00eb num\u00ebr vendesh q\u00eb nuk e njohin qeverin\u00eb e tij.<\/p>\n","protected":false},"excerpt":{"rendered":"<p>Vler\u00ebsimi i Mar\u00eda Corina Machado nga Venezuela me \u00c7mimin Nobel p\u00ebr Paqen, ishte nj\u00eb zhg\u00ebnjim p\u00ebr presidentin amerikan, Donald Trump. Kreu i Sht\u00ebpis\u00eb s\u00eb Bardh\u00eb, vazhdimisht ka pohuar se e meriton t\u00eb vler\u00ebsohet me k\u00ebt\u00eb titull prestigjioz, pasi sipas tij, ka ndalur 7 luft\u00ebra n\u00eb bot\u00eb. Dhe nuk mund t\u00eb mungonte reagimi i presidentit Trump. &hellip;<\/p>\n","protected":false},"author":3,"featured_media":125448,"comment_status":"closed","ping_status":"closed","sticky":false,"template":"","format":"standard","meta":{"footnotes":""},"categories":[38],"tags":[],"class_list":["post-125447","post","type-post","status-publish","format-standard","has-post-thumbnail","","category-bota"],"_links":{"self":[{"href":"https:\/\/rdnews.al\/index.php\/wp-json\/wp\/v2\/posts\/125447","targetHints":{"allow":["GET"]}}],"collection":[{"href":"https:\/\/rdnews.al\/index.php\/wp-json\/wp\/v2\/posts"}],"about":[{"href":"https:\/\/rdnews.al\/index.php\/wp-json\/wp\/v2\/types\/post"}],"author":[{"embeddable":true,"href":"https:\/\/rdnews.al\/index.php\/wp-json\/wp\/v2\/users\/3"}],"replies":[{"embeddable":true,"href":"https:\/\/rdnews.al\/index.php\/wp-json\/wp\/v2\/comments?post=125447"}],"version-history":[{"count":2,"href":"https:\/\/rdnews.al\/index.php\/wp-json\/wp\/v2\/posts\/125447\/revisions"}],"predecessor-version":[{"id":125450,"href":"https:\/\/rdnews.al\/index.php\/wp-json\/wp\/v2\/posts\/125447\/revisions\/125450"}],"wp:featuredmedia":[{"embeddable":true,"href":"https:\/\/rdnews.al\/index.php\/wp-json\/wp\/v2\/media\/125448"}],"wp:attachment":[{"href":"https:\/\/rdnews.al\/index.php\/wp-json\/wp\/v2\/media?parent=125447"}],"wp:term":[{"taxonomy":"category","embeddable":true,"href":"https:\/\/rdnews.al\/index.php\/wp-json\/wp\/v2\/categories?post=125447"},{"taxonomy":"post_tag","embeddable":true,"href":"https:\/\/rdnews.al\/index.php\/wp-json\/wp\/v2\/tags?post=125447"}],"curies":[{"name":"wp","href":"https:\/\/api.w.org\/{rel}","templated":true}]}}