{"id":125468,"date":"2025-10-11T21:08:47","date_gmt":"2025-10-11T21:08:47","guid":{"rendered":"https:\/\/rdnews.al\/?p=125468"},"modified":"2025-10-11T21:08:47","modified_gmt":"2025-10-11T21:08:47","slug":"kurti-uron-fitoren-shqiptaret-e-munden-e-serbine","status":"publish","type":"post","link":"https:\/\/rdnews.al\/index.php\/2025\/10\/11\/kurti-uron-fitoren-shqiptaret-e-munden-e-serbine\/","title":{"rendered":"Kurti uron fitoren\/ Shqiptar\u00ebt e mund\u00ebn e Serbin\u00eb"},"content":{"rendered":"<p>Kryeministri n\u00eb detyr\u00eb i Republik\u00ebs s\u00eb Kosov\u00ebs, Albin Kurti ka reaguar menj\u00ebher\u00eb pas fitores s\u00eb Shqip\u00ebris\u00eb ndaj Serbis\u00eb n\u00eb Leskovc.<\/p>\n<p>Kuqezinjt\u00eb triumfuan 0:1 me golin e Rey Manajt, n\u00eb kuad\u00ebt t\u00eb kualifikimeve p\u00ebr Kup\u00ebn e Bot\u00ebs.<\/p>\n<p>\u201cShqiptar\u00ebt fitojn\u00eb! E mund\u00ebn Serbin\u00eb! Urime! Tre pik\u00eb t\u00eb m\u00ebdha p\u00ebr Shqip\u00ebrin\u00eb drejt rrug\u00ebs p\u00ebr n\u00eb bot\u00ebrorin 2026\u201d, shkroi Kurti.<\/p>\n","protected":false},"excerpt":{"rendered":"<p>Kryeministri n\u00eb detyr\u00eb i Republik\u00ebs s\u00eb Kosov\u00ebs, Albin Kurti ka reaguar menj\u00ebher\u00eb pas fitores s\u00eb Shqip\u00ebris\u00eb ndaj Serbis\u00eb n\u00eb Leskovc. Kuqezinjt\u00eb triumfuan 0:1 me golin e Rey Manajt, n\u00eb kuad\u00ebt t\u00eb kualifikimeve p\u00ebr Kup\u00ebn e Bot\u00ebs. \u201cShqiptar\u00ebt fitojn\u00eb! E mund\u00ebn Serbin\u00eb! Urime! Tre pik\u00eb t\u00eb m\u00ebdha p\u00ebr Shqip\u00ebrin\u00eb drejt rrug\u00ebs p\u00ebr n\u00eb bot\u00ebrorin 2026\u201d, shkroi &hellip;<\/p>\n","protected":false},"author":3,"featured_media":125469,"comment_status":"closed","ping_status":"closed","sticky":false,"template":"","format":"standard","meta":{"footnotes":""},"categories":[37,39],"tags":[],"class_list":["post-125468","post","type-post","status-publish","format-standard","has-post-thumbnail","","category-politike","category-sport"],"_links":{"self":[{"href":"https:\/\/rdnews.al\/index.php\/wp-json\/wp\/v2\/posts\/125468","targetHints":{"allow":["GET"]}}],"collection":[{"href":"https:\/\/rdnews.al\/index.php\/wp-json\/wp\/v2\/posts"}],"about":[{"href":"https:\/\/rdnews.al\/index.php\/wp-json\/wp\/v2\/types\/post"}],"author":[{"embeddable":true,"href":"https:\/\/rdnews.al\/index.php\/wp-json\/wp\/v2\/users\/3"}],"replies":[{"embeddable":true,"href":"https:\/\/rdnews.al\/index.php\/wp-json\/wp\/v2\/comments?post=125468"}],"version-history":[{"count":1,"href":"https:\/\/rdnews.al\/index.php\/wp-json\/wp\/v2\/posts\/125468\/revisions"}],"predecessor-version":[{"id":125470,"href":"https:\/\/rdnews.al\/index.php\/wp-json\/wp\/v2\/posts\/125468\/revisions\/125470"}],"wp:featuredmedia":[{"embeddable":true,"href":"https:\/\/rdnews.al\/index.php\/wp-json\/wp\/v2\/media\/125469"}],"wp:attachment":[{"href":"https:\/\/rdnews.al\/index.php\/wp-json\/wp\/v2\/media?parent=125468"}],"wp:term":[{"taxonomy":"category","embeddable":true,"href":"https:\/\/rdnews.al\/index.php\/wp-json\/wp\/v2\/categories?post=125468"},{"taxonomy":"post_tag","embeddable":true,"href":"https:\/\/rdnews.al\/index.php\/wp-json\/wp\/v2\/tags?post=125468"}],"curies":[{"name":"wp","href":"https:\/\/api.w.org\/{rel}","templated":true}]}}