{"id":125487,"date":"2025-10-12T13:45:45","date_gmt":"2025-10-12T13:45:45","guid":{"rendered":"https:\/\/rdnews.al\/?p=125487"},"modified":"2025-10-12T13:45:45","modified_gmt":"2025-10-12T13:45:45","slug":"vendimi-i-kryegjykatesit-gjykata-e-larte-i-jep-pushtetin-trump-te-pastroje-administraten","status":"publish","type":"post","link":"https:\/\/rdnews.al\/index.php\/2025\/10\/12\/vendimi-i-kryegjykatesit-gjykata-e-larte-i-jep-pushtetin-trump-te-pastroje-administraten\/","title":{"rendered":"Vendimi i kryegjykat\u00ebsit\/ Gjykata e Lart\u00eb i jep pushtetin Trump t\u00eb pastroj\u00eb administrat\u00ebn"},"content":{"rendered":"<p>Gjykata Supreme ka riafirmuar se sipas Nenit II, Presidenti ka autoritetin kushtetues p\u00ebr t\u00eb shkarkuar zyrtar\u00ebt ekzekutiv\u00eb, t\u00eb nj\u00ebjt\u00ebt burokrat\u00eb q\u00eb jan\u00eb fshehur pas mbrojtjeve t\u00eb &#8220;agjencis\u00eb s\u00eb pavarur&#8221; p\u00ebr gati nj\u00eb shekull.<\/p>\n<p>Kryetari i Gjykat\u00ebs s\u00eb Lart\u00eb John Roberts e b\u00ebri t\u00eb qart\u00eb n\u00eb Seila La\u00eb:<\/p>\n<p>&#8220;Autoriteti i Nenit II n\u00eb p\u00ebrgjith\u00ebsi p\u00ebrfshin aft\u00ebsin\u00eb p\u00ebr t\u00eb shkarkuar zyrtar\u00ebt ekzekutiv\u00eb, nj\u00eb fuqi q\u00eb \u00ebsht\u00eb e nevojshme p\u00ebr t\u00eb siguruar ekzekutimin e p\u00ebrgjegjsh\u00ebm dhe efektiv t\u00eb politik\u00ebs federale.&#8221;<\/p>\n<p>Ai vazhdoi:<\/p>\n<p>&#8220;Pa fuqin\u00eb p\u00ebr t\u00eb shkarkuar zyrtar\u00ebt e deg\u00ebs ekzekutive, Presidenti nuk mund t\u00eb mbahej plot\u00ebsisht p\u00ebrgjegj\u00ebs p\u00ebr kryerjen e p\u00ebrgjegj\u00ebsive t\u00eb tij; faji do t\u00eb ndalej diku tjet\u00ebr.&#8221;<\/p>\n<p><strong>P\u00ebrkthim:<\/strong><\/p>\n<p>Mburoja 90-vje\u00e7are q\u00eb mbronte burokrat\u00ebt e pazgjedhur dhe t\u00eb pap\u00ebrgjegjsh\u00ebm nga shkarkimi tani \u00ebsht\u00eb zhdukur.<\/p>\n<p>\u00c7do e ashtuquajtur &#8220;agjenci e pavarur&#8221; &#8211; nga EPA te FTC &#8211; \u00ebsht\u00eb papritmas brenda mund\u00ebsive t\u00eb autoritetit presidencial.<\/p>\n","protected":false},"excerpt":{"rendered":"<p>Gjykata Supreme ka riafirmuar se sipas Nenit II, Presidenti ka autoritetin kushtetues p\u00ebr t\u00eb shkarkuar zyrtar\u00ebt ekzekutiv\u00eb, t\u00eb nj\u00ebjt\u00ebt burokrat\u00eb q\u00eb jan\u00eb fshehur pas mbrojtjeve t\u00eb &#8220;agjencis\u00eb s\u00eb pavarur&#8221; p\u00ebr gati nj\u00eb shekull. Kryetari i Gjykat\u00ebs s\u00eb Lart\u00eb John Roberts e b\u00ebri t\u00eb qart\u00eb n\u00eb Seila La\u00eb: &#8220;Autoriteti i Nenit II n\u00eb p\u00ebrgjith\u00ebsi p\u00ebrfshin aft\u00ebsin\u00eb &hellip;<\/p>\n","protected":false},"author":3,"featured_media":125488,"comment_status":"closed","ping_status":"closed","sticky":false,"template":"","format":"standard","meta":{"footnotes":""},"categories":[38],"tags":[],"class_list":["post-125487","post","type-post","status-publish","format-standard","has-post-thumbnail","","category-bota"],"_links":{"self":[{"href":"https:\/\/rdnews.al\/index.php\/wp-json\/wp\/v2\/posts\/125487","targetHints":{"allow":["GET"]}}],"collection":[{"href":"https:\/\/rdnews.al\/index.php\/wp-json\/wp\/v2\/posts"}],"about":[{"href":"https:\/\/rdnews.al\/index.php\/wp-json\/wp\/v2\/types\/post"}],"author":[{"embeddable":true,"href":"https:\/\/rdnews.al\/index.php\/wp-json\/wp\/v2\/users\/3"}],"replies":[{"embeddable":true,"href":"https:\/\/rdnews.al\/index.php\/wp-json\/wp\/v2\/comments?post=125487"}],"version-history":[{"count":1,"href":"https:\/\/rdnews.al\/index.php\/wp-json\/wp\/v2\/posts\/125487\/revisions"}],"predecessor-version":[{"id":125489,"href":"https:\/\/rdnews.al\/index.php\/wp-json\/wp\/v2\/posts\/125487\/revisions\/125489"}],"wp:featuredmedia":[{"embeddable":true,"href":"https:\/\/rdnews.al\/index.php\/wp-json\/wp\/v2\/media\/125488"}],"wp:attachment":[{"href":"https:\/\/rdnews.al\/index.php\/wp-json\/wp\/v2\/media?parent=125487"}],"wp:term":[{"taxonomy":"category","embeddable":true,"href":"https:\/\/rdnews.al\/index.php\/wp-json\/wp\/v2\/categories?post=125487"},{"taxonomy":"post_tag","embeddable":true,"href":"https:\/\/rdnews.al\/index.php\/wp-json\/wp\/v2\/tags?post=125487"}],"curies":[{"name":"wp","href":"https:\/\/api.w.org\/{rel}","templated":true}]}}