{"id":125516,"date":"2025-10-13T10:53:55","date_gmt":"2025-10-13T10:53:55","guid":{"rendered":"https:\/\/rdnews.al\/?p=125516"},"modified":"2025-10-13T10:53:55","modified_gmt":"2025-10-13T10:53:55","slug":"te-marr-koburen-tani-skandali-me-pronen-e-pronareve-dhe-bashkine-e-korces","status":"publish","type":"post","link":"https:\/\/rdnews.al\/index.php\/2025\/10\/13\/te-marr-koburen-tani-skandali-me-pronen-e-pronareve-dhe-bashkine-e-korces\/","title":{"rendered":"&#8220;T\u00eb marr koburen tani&#8230;&#8221; \/ Skandali me pron\u00ebn e pronar\u00ebve dhe Bashkin\u00eb e Kor\u00e7\u00ebs"},"content":{"rendered":"<div class=\"xdj266r x14z9mp xat24cr x1lziwak x1vvkbs x126k92a\">\n<div dir=\"auto\"><strong>Linda KALEMI<\/strong><\/div>\n<div dir=\"auto\"><\/div>\n<div dir=\"auto\">Kjo prone 100 vjecare eshte e babait te vjehrres sime Miltiadh Terezi ne Korce prane Liceut. E ndertoi me fitimet si tregetar dhe nga emigrimi ne Misir . Xhaxhi Enver ja grabiti per zyra e per te strehuar militante te luftes. Miltiadhin e burgosen si &#8220;kulak&#8221; dhe me pas e dhunuan sa e vrane ne burg, kurse te shoqen Kleopatren dhe vajzen Vasilika &#8211; vjehrren time i flaken ne rruge, ku u enden te pastreha deri sa u sistemuan ne Tirane..<\/div>\n<\/div>\n<div class=\"x14z9mp xat24cr x1lziwak x1vvkbs xtlvy1s x126k92a\">\n<div dir=\"auto\">Ne 93 prona ju kthye vjehrres si bije e te Persekutuarit Politik, por shteti aty kishte strehuar 2 familje militante, ajo CICANI dhe SPAHO te cilet u detyruan ti paguanin qera vjehrres, por nuk shkoi shume . Pas vdekjes se saj Bashkia Korce me rruge te pa ligjeshme REVOKON Tapine Origjinale dhe ja shet duke i pajisur me certifikata pronesie qeraxhinjve edhe pse ne hipoteke fle tapia origjinale gati nje shekullore e familjes Terezi&#8230;<\/div>\n<\/div>\n<div class=\"x14z9mp xat24cr x1lziwak x1vvkbs xtlvy1s x126k92a\">\n<div dir=\"auto\">Me pas im shoq ja besoi ceshtjen komshiut dhe mikut te tij av. Artan Haxhia me parapagim disa mijra \u20ac por ai e tradhetoi, kaloi tek pala tjeter duke u paraqitur vetem nje here ne seancat gjate 5 viteve, dhe nderkohe ne na premtonte qe po zgjidhej.<\/div>\n<\/div>\n<div class=\"x14z9mp xat24cr x1lziwak x1vvkbs xtlvy1s x126k92a\">\n<div dir=\"auto\">Me pas burri si per cdo burokraci ne 2008 ma le mua te merrem me ceshtjen.. por mbi 15 vite gjygje me pronaret edhe me Bashkine akoma sorollatem neper gjykata , tarafet gjykues na i kthejne mbrapsh gjygjet per shqyrtim ne shkallet e meposhteme.. sepse bashkia eshte ne mbrojtje te ZAPTUESVE.. kurse tek Gjykata apelit dosja do presi rradhen me vite..<\/div>\n<\/div>\n<div class=\"x14z9mp xat24cr x1lziwak x1vvkbs xtlvy1s x126k92a\">\n<div dir=\"auto\">Tani , ju qe beni moral me thoni si ta zgjidh KRIMIN E BASHKISE KORCE ?.. Pronari &#8220;kulak&#8221; i viles u vra ne burg, gruaja e tij &#8220;e cmendur&#8221; vdiq ne psikiatri, e bija -vjehrra ime iku me pengje, i biri saj -burri im iku me shprese, une nusja ne pranveren e fundit sa do pres per pronen e bijve te mij ?..<\/div>\n<div dir=\"auto\">PSE, U DASHKA KALLASH . ??<\/div>\n<\/div>\n<div class=\"x14z9mp xat24cr x1lziwak x1vvkbs xtlvy1s x126k92a\">\n<div dir=\"auto\">Ne mundet por KARMA nuk manipulohet , a thua funksionoi ne 2015 me nje tragjedi.. , Dogji brenda 3 persona te familjes zaptuese.. Sa dhimbje sidomos per femijet e pafajshem, jam nene ..<\/div>\n<div dir=\"auto\">Per lajmin klikoni linkun :<\/div>\n<\/div>\n","protected":false},"excerpt":{"rendered":"<p>Linda KALEMI Kjo prone 100 vjecare eshte e babait te vjehrres sime Miltiadh Terezi ne Korce prane Liceut. E ndertoi me fitimet si tregetar dhe nga emigrimi ne Misir . Xhaxhi Enver ja grabiti per zyra e per te strehuar militante te luftes. Miltiadhin e burgosen si &#8220;kulak&#8221; dhe me pas e dhunuan sa e &hellip;<\/p>\n","protected":false},"author":3,"featured_media":125517,"comment_status":"closed","ping_status":"closed","sticky":false,"template":"","format":"standard","meta":{"footnotes":""},"categories":[46],"tags":[],"class_list":["post-125516","post","type-post","status-publish","format-standard","has-post-thumbnail","","category-ekonomi"],"_links":{"self":[{"href":"https:\/\/rdnews.al\/index.php\/wp-json\/wp\/v2\/posts\/125516","targetHints":{"allow":["GET"]}}],"collection":[{"href":"https:\/\/rdnews.al\/index.php\/wp-json\/wp\/v2\/posts"}],"about":[{"href":"https:\/\/rdnews.al\/index.php\/wp-json\/wp\/v2\/types\/post"}],"author":[{"embeddable":true,"href":"https:\/\/rdnews.al\/index.php\/wp-json\/wp\/v2\/users\/3"}],"replies":[{"embeddable":true,"href":"https:\/\/rdnews.al\/index.php\/wp-json\/wp\/v2\/comments?post=125516"}],"version-history":[{"count":1,"href":"https:\/\/rdnews.al\/index.php\/wp-json\/wp\/v2\/posts\/125516\/revisions"}],"predecessor-version":[{"id":125518,"href":"https:\/\/rdnews.al\/index.php\/wp-json\/wp\/v2\/posts\/125516\/revisions\/125518"}],"wp:featuredmedia":[{"embeddable":true,"href":"https:\/\/rdnews.al\/index.php\/wp-json\/wp\/v2\/media\/125517"}],"wp:attachment":[{"href":"https:\/\/rdnews.al\/index.php\/wp-json\/wp\/v2\/media?parent=125516"}],"wp:term":[{"taxonomy":"category","embeddable":true,"href":"https:\/\/rdnews.al\/index.php\/wp-json\/wp\/v2\/categories?post=125516"},{"taxonomy":"post_tag","embeddable":true,"href":"https:\/\/rdnews.al\/index.php\/wp-json\/wp\/v2\/tags?post=125516"}],"curies":[{"name":"wp","href":"https:\/\/api.w.org\/{rel}","templated":true}]}}