{"id":125519,"date":"2025-10-13T11:08:09","date_gmt":"2025-10-13T11:08:09","guid":{"rendered":"https:\/\/rdnews.al\/?p=125519"},"modified":"2025-10-13T11:08:09","modified_gmt":"2025-10-13T11:08:09","slug":"deklaratat-e-von-der-leyen-berisha-shqiperia-nuk-ploteson-asnje-kriter-per-integrimin-ne-be","status":"publish","type":"post","link":"https:\/\/rdnews.al\/index.php\/2025\/10\/13\/deklaratat-e-von-der-leyen-berisha-shqiperia-nuk-ploteson-asnje-kriter-per-integrimin-ne-be\/","title":{"rendered":"Deklaratat e Von der Leyen, Berisha: Shqip\u00ebria nuk plot\u00ebson asnj\u00eb kriter p\u00ebr integrimin n\u00eb BE!"},"content":{"rendered":"<p>Kryetari i PD, Sali Berisha ka reaguar lidhur me vizit\u00ebn e Presidentes s\u00eb Komisionit Europian, Ursula von der Leyen, n\u00eb Tiran\u00eb, pjes\u00eb e turit t\u00eb saj n\u00eb vendet e Ballkanit Per\u00ebndimor.<br \/>\nBerisha e ka cil\u00ebsuar k\u00ebt\u00eb vizit\u00eb si t\u00eb r\u00ebnd\u00ebsishme dhe ka shprehur mir\u00ebnjohje p\u00ebr mb\u00ebshtetjen e vazhdueshme t\u00eb Bashkimit Europian ndaj Shqip\u00ebris\u00eb.<br \/>\nAi tha se, Shqip\u00ebria, p\u00ebrve\u00e7 kriterit gjeostrategjik dhe politik\u00ebs s\u00eb jashtme, nuk plot\u00ebson asnj\u00eb kriter tjet\u00ebr p\u00ebr integrimin e saj n\u00eb BE.<br \/>\n\u201cN\u00eb fakt sto \u00ebsht\u00eb nj\u00eb dit\u00eb me shum\u00eb ngjarje, por ne po e nisim nga k\u00ebto t\u00eb sht\u00ebpis\u00eb ton\u00eb.<br \/>\nSot, me vizit\u00ebn n\u00eb Tiran\u00eb, nis turin e saj n\u00eb vendet e rajonit, presidentja e Komisionit Europian, Ursula von der Leyen.<br \/>\nMe k\u00ebt\u00eb rast, n\u00eb em\u00ebr t\u00eb PD, i uroj asaj mir\u00ebseardhjen n\u00eb Shqip\u00ebri dhe sukses n\u00eb turin e saj.<br \/>\nSikund\u00ebr shfryt\u00ebzoj rastin t\u00eb shpreh mir\u00ebnjohjen m\u00eb t\u00eb thell\u00eb taksapaguesve europian\u00eb, Komisionit Europian dhe qeverive t\u00eb BE p\u00ebr ndihm\u00ebn bujare t\u00eb jasht\u00ebzakonshme q\u00eb n\u00eb vite dhe dekada u kan\u00eb dh\u00ebn\u00eb Shqip\u00ebris\u00eb dhe shqiptar\u00ebve.<br \/>\nDua gjithashtu t\u00eb fal\u00ebnderoj p\u00ebr an\u00ebtar\u00ebsimin e Shqip\u00ebris\u00eb n\u00eb SEPA, akt q\u00eb p\u00ebrb\u00ebn nj\u00eb leht\u00ebsim t\u00eb madh p\u00ebr qytetar\u00ebt shqiptar\u00eb dhe t\u00eb gjitha ato mikrotransaksione q\u00eb ata kan\u00eb me t\u00eb af\u00ebrmit e tyre n\u00eb Europ\u00eb dhe n\u00eb bot\u00eb.<br \/>\nPor, ky \u00ebsht\u00eb nj\u00eb rast gjithashtu p\u00ebr t\u00eb deklaruar publikisht se PD, forca politike q\u00eb ka an\u00ebtar\u00ebsuar Shqip\u00ebrin\u00eb n\u00eb K\u00ebshillin e Europ\u00ebs, n\u00eb NATO, dhe q\u00eb ka firmosur MSA-n\u00eb, liberalizimin e vizave dhe q\u00eb meritoi rekomandimin e KE p\u00ebr hapjen e negociatave, por q\u00eb e pengoi me q\u00ebllim t\u00eb keq Edi Rama, mb\u00ebshtet fuqish\u00ebm dhe do mb\u00ebshtes\u00eb p\u00ebr asnj\u00eb rezerv\u00eb integrimin e plot\u00eb t\u00eb Shqip\u00ebris\u00eb n\u00eb BE si t\u00eb ardhmen m\u00eb t\u00eb shk\u00eblqyer p\u00ebr Shqip\u00ebrin\u00eb dhe shqiptar\u00ebt.<br \/>\nPor PD thekson se vet\u00ebm nj\u00eb proces integrimi i bazuar n\u00eb merit\u00ebn, funksionimin e shtetit ligjor, zgjedhjet e lira dhe ekonomin\u00eb e tregut t\u00eb lir\u00eb \u00ebsht\u00eb interesi m\u00eb i mir\u00eb i shqiptar\u00ebve.<br \/>\nN\u00eb k\u00ebt\u00eb kuad\u00ebr theksojm\u00eb se p\u00ebr PD, Shqip\u00ebria aktualisht, p\u00ebrve\u00e7 kriterit gjeostrategjik dhe politik\u00ebs s\u00eb jashtme nuk plot\u00ebson asnj\u00eb kriter tjet\u00ebr p\u00ebr integrimin e saj n\u00eb BE.<br \/>\nN\u00eb qoft\u00eb se i referohemi popullit shqiptar, shtoj k\u00ebtu se n\u00eb k\u00ebto vite, shqiptar\u00ebt kan\u00eb ikur nga vendi i tyre m\u00eb shum\u00eb se n\u00eb \u00e7do koh\u00eb lufte, fatkeq\u00ebsish natyrore apo shkaqe t\u00eb tjera.<br \/>\nGjat\u00eb qeverisjes s\u00eb Edi Ram\u00ebs u larguan nga Shqip\u00ebria vet\u00ebm n\u00eb hap\u00ebsir\u00ebn evropiane 1 milion e 99 mij\u00eb qytetar\u00eb t\u00eb k\u00ebtij vendi\u201d, tha Berisha.<\/p>\n","protected":false},"excerpt":{"rendered":"<p>Kryetari i PD, Sali Berisha ka reaguar lidhur me vizit\u00ebn e Presidentes s\u00eb Komisionit Europian, Ursula von der Leyen, n\u00eb Tiran\u00eb, pjes\u00eb e turit t\u00eb saj n\u00eb vendet e Ballkanit Per\u00ebndimor. Berisha e ka cil\u00ebsuar k\u00ebt\u00eb vizit\u00eb si t\u00eb r\u00ebnd\u00ebsishme dhe ka shprehur mir\u00ebnjohje p\u00ebr mb\u00ebshtetjen e vazhdueshme t\u00eb Bashkimit Europian ndaj Shqip\u00ebris\u00eb. Ai tha &hellip;<\/p>\n","protected":false},"author":4,"featured_media":125520,"comment_status":"closed","ping_status":"closed","sticky":false,"template":"","format":"standard","meta":{"footnotes":""},"categories":[37],"tags":[],"class_list":["post-125519","post","type-post","status-publish","format-standard","has-post-thumbnail","","category-politike"],"_links":{"self":[{"href":"https:\/\/rdnews.al\/index.php\/wp-json\/wp\/v2\/posts\/125519","targetHints":{"allow":["GET"]}}],"collection":[{"href":"https:\/\/rdnews.al\/index.php\/wp-json\/wp\/v2\/posts"}],"about":[{"href":"https:\/\/rdnews.al\/index.php\/wp-json\/wp\/v2\/types\/post"}],"author":[{"embeddable":true,"href":"https:\/\/rdnews.al\/index.php\/wp-json\/wp\/v2\/users\/4"}],"replies":[{"embeddable":true,"href":"https:\/\/rdnews.al\/index.php\/wp-json\/wp\/v2\/comments?post=125519"}],"version-history":[{"count":1,"href":"https:\/\/rdnews.al\/index.php\/wp-json\/wp\/v2\/posts\/125519\/revisions"}],"predecessor-version":[{"id":125521,"href":"https:\/\/rdnews.al\/index.php\/wp-json\/wp\/v2\/posts\/125519\/revisions\/125521"}],"wp:featuredmedia":[{"embeddable":true,"href":"https:\/\/rdnews.al\/index.php\/wp-json\/wp\/v2\/media\/125520"}],"wp:attachment":[{"href":"https:\/\/rdnews.al\/index.php\/wp-json\/wp\/v2\/media?parent=125519"}],"wp:term":[{"taxonomy":"category","embeddable":true,"href":"https:\/\/rdnews.al\/index.php\/wp-json\/wp\/v2\/categories?post=125519"},{"taxonomy":"post_tag","embeddable":true,"href":"https:\/\/rdnews.al\/index.php\/wp-json\/wp\/v2\/tags?post=125519"}],"curies":[{"name":"wp","href":"https:\/\/api.w.org\/{rel}","templated":true}]}}