{"id":125529,"date":"2025-10-13T11:20:47","date_gmt":"2025-10-13T11:20:47","guid":{"rendered":"https:\/\/rdnews.al\/?p=125529"},"modified":"2025-10-13T11:20:47","modified_gmt":"2025-10-13T11:20:47","slug":"shkreli-publikon-fotot-tronditese-ky-eshte-thethi-turistik-i-rames","status":"publish","type":"post","link":"https:\/\/rdnews.al\/index.php\/2025\/10\/13\/shkreli-publikon-fotot-tronditese-ky-eshte-thethi-turistik-i-rames\/","title":{"rendered":"Shkreli publikon fotot trondit\u00ebse: Ky \u00ebsht\u00eb Thethi turistik i Ram\u00ebs\u2026"},"content":{"rendered":"<p><strong>Nga Eliona Kodra SHKRELI<\/strong><\/p>\n<p>Kjo \u00ebsht\u00eb pamja q\u00eb t\u00eb ofron Thethi Benetian, nd\u00ebrkoh\u00eb q\u00eb dhjetra e qindra turist\u00eb vazhdojn\u00eb ta vizitojn\u00eb at\u00eb \u00e7do dit\u00eb!<\/p>\n<p>Bashkia Benetiane vazhdon sho\u00eb-n fasad\u00eb t\u00eb reklamimit t\u00eb fotove e pamjeve me dron, nj\u00eb propagand\u00eb jasht\u00eb realitetit me t\u00eb cil\u00ebn p\u00ebrballen banor\u00ebt dhe turist\u00ebt n\u00eb Parkun Komb\u00ebtar t\u00eb Thethit!<\/p>\n<p>Pasi shkat\u00ebrruar me fadroma e tritol sht\u00ebpi e shk\u00ebmbinj, tashm\u00eb Benetiani i Par\u00eb i Ram\u00ebs, e l\u00eb Thethin dhe turizmin atje n\u00eb m\u00ebshir\u00eb t\u00eb fatit e n\u00eb dor\u00ebn e banor\u00ebve, pavar\u00ebsisht se k\u00ebta t\u00eb fundit jan\u00eb taksapagues t\u00eb sh\u00ebrbimeve q\u00eb Bashkia Rilindase nuk ofron!<\/p>\n<p>Pamje t\u00eb turpshme t\u00eb nj\u00eb realiteti ku parat\u00eb e taksapaguesve shkodran\u00eb shkojn\u00eb n\u00eb fryrje administrate e paga patronazhist\u00ebsh dhe tendera korruptiv\u00eb t\u00eb cil\u00ebt jan\u00eb mjeshtria e Becit rilindas, i cili po hetohet nga SPAK pik\u00ebrisht p\u00ebr vjedhjen e parave t\u00eb shqiptar\u00ebve p\u00ebrmes tenderave t\u00eb korrupsionit!<\/p>\n<p><a href=\"https:\/\/www.facebook.com\/hashtag\/thethibenetian?__cft__%5b0%5d=AZVYaGDFngZk4rvVzRBjhyBJfNcyY6IaQkzWvYiAQqrMEM3kkV7f2fyqjtky1_34PiFBsGZ4ta7w3VWFdPIo94igyAisU2m1jEIIP5G_mdbbFEyspJZSshNW94JVwd9HF38XpMyhC_JiRqfbnQ4jbpJqqEzzsv6r32BuX5B3KSM2w1ahzAq2t9lG3TG3eqLtDzY&amp;__tn__=*NK-R\" target=\"_blank\" rel=\"noopener\">#ThethiBenetian<\/a><\/p>\n<p><a href=\"https:\/\/www.facebook.com\/hashtag\/thethiq%C3%ABnukduam?__cft__%5b0%5d=AZVYaGDFngZk4rvVzRBjhyBJfNcyY6IaQkzWvYiAQqrMEM3kkV7f2fyqjtky1_34PiFBsGZ4ta7w3VWFdPIo94igyAisU2m1jEIIP5G_mdbbFEyspJZSshNW94JVwd9HF38XpMyhC_JiRqfbnQ4jbpJqqEzzsv6r32BuX5B3KSM2w1ahzAq2t9lG3TG3eqLtDzY&amp;__tn__=*NK-R\" target=\"_blank\" rel=\"noopener\">#ThethiQ\u00ebNukDuam<\/a><\/p>\n<p><a href=\"https:\/\/www.facebook.com\/hashtag\/bashkibenetiane?__cft__%5b0%5d=AZVYaGDFngZk4rvVzRBjhyBJfNcyY6IaQkzWvYiAQqrMEM3kkV7f2fyqjtky1_34PiFBsGZ4ta7w3VWFdPIo94igyAisU2m1jEIIP5G_mdbbFEyspJZSshNW94JVwd9HF38XpMyhC_JiRqfbnQ4jbpJqqEzzsv6r32BuX5B3KSM2w1ahzAq2t9lG3TG3eqLtDzY&amp;__tn__=*NK-R\" target=\"_blank\" rel=\"noopener\">#BashkiBenetiane<\/a><\/p>\n<p><a href=\"https:\/\/www.facebook.com\/hashtag\/vizionbenetian?__cft__%5b0%5d=AZVYaGDFngZk4rvVzRBjhyBJfNcyY6IaQkzWvYiAQqrMEM3kkV7f2fyqjtky1_34PiFBsGZ4ta7w3VWFdPIo94igyAisU2m1jEIIP5G_mdbbFEyspJZSshNW94JVwd9HF38XpMyhC_JiRqfbnQ4jbpJqqEzzsv6r32BuX5B3KSM2w1ahzAq2t9lG3TG3eqLtDzY&amp;__tn__=*NK-R\" target=\"_blank\" rel=\"noopener\">#VizionBenetian<\/a><\/p>\n<p><img loading=\"lazy\" decoding=\"async\" class=\"alignnone size-medium wp-image-125530\" src=\"https:\/\/rdnews.al\/wp-content\/uploads\/2025\/10\/theth-300x294.png\" alt=\"\" width=\"300\" height=\"294\" srcset=\"https:\/\/rdnews.al\/wp-content\/uploads\/2025\/10\/theth-300x294.png 300w, https:\/\/rdnews.al\/wp-content\/uploads\/2025\/10\/theth.png 489w\" sizes=\"auto, (max-width: 300px) 100vw, 300px\" \/><\/p>\n","protected":false},"excerpt":{"rendered":"<p>Nga Eliona Kodra SHKRELI Kjo \u00ebsht\u00eb pamja q\u00eb t\u00eb ofron Thethi Benetian, nd\u00ebrkoh\u00eb q\u00eb dhjetra e qindra turist\u00eb vazhdojn\u00eb ta vizitojn\u00eb at\u00eb \u00e7do dit\u00eb! Bashkia Benetiane vazhdon sho\u00eb-n fasad\u00eb t\u00eb reklamimit t\u00eb fotove e pamjeve me dron, nj\u00eb propagand\u00eb jasht\u00eb realitetit me t\u00eb cil\u00ebn p\u00ebrballen banor\u00ebt dhe turist\u00ebt n\u00eb Parkun Komb\u00ebtar t\u00eb Thethit! Pasi shkat\u00ebrruar &hellip;<\/p>\n","protected":false},"author":4,"featured_media":96563,"comment_status":"closed","ping_status":"closed","sticky":false,"template":"","format":"standard","meta":{"footnotes":""},"categories":[37],"tags":[],"class_list":["post-125529","post","type-post","status-publish","format-standard","has-post-thumbnail","","category-politike"],"_links":{"self":[{"href":"https:\/\/rdnews.al\/index.php\/wp-json\/wp\/v2\/posts\/125529","targetHints":{"allow":["GET"]}}],"collection":[{"href":"https:\/\/rdnews.al\/index.php\/wp-json\/wp\/v2\/posts"}],"about":[{"href":"https:\/\/rdnews.al\/index.php\/wp-json\/wp\/v2\/types\/post"}],"author":[{"embeddable":true,"href":"https:\/\/rdnews.al\/index.php\/wp-json\/wp\/v2\/users\/4"}],"replies":[{"embeddable":true,"href":"https:\/\/rdnews.al\/index.php\/wp-json\/wp\/v2\/comments?post=125529"}],"version-history":[{"count":1,"href":"https:\/\/rdnews.al\/index.php\/wp-json\/wp\/v2\/posts\/125529\/revisions"}],"predecessor-version":[{"id":125531,"href":"https:\/\/rdnews.al\/index.php\/wp-json\/wp\/v2\/posts\/125529\/revisions\/125531"}],"wp:featuredmedia":[{"embeddable":true,"href":"https:\/\/rdnews.al\/index.php\/wp-json\/wp\/v2\/media\/96563"}],"wp:attachment":[{"href":"https:\/\/rdnews.al\/index.php\/wp-json\/wp\/v2\/media?parent=125529"}],"wp:term":[{"taxonomy":"category","embeddable":true,"href":"https:\/\/rdnews.al\/index.php\/wp-json\/wp\/v2\/categories?post=125529"},{"taxonomy":"post_tag","embeddable":true,"href":"https:\/\/rdnews.al\/index.php\/wp-json\/wp\/v2\/tags?post=125529"}],"curies":[{"name":"wp","href":"https:\/\/api.w.org\/{rel}","templated":true}]}}