{"id":125540,"date":"2025-10-13T11:38:55","date_gmt":"2025-10-13T11:38:55","guid":{"rendered":"https:\/\/rdnews.al\/?p=125540"},"modified":"2025-10-13T11:38:55","modified_gmt":"2025-10-13T11:38:55","slug":"reforma-territoriale-berisha-rama-kerkon-te-coje-ne-30-numrin-e-bashkive-ne-vend-dy-jane-kushtet-tona-per-pjesemarrje","status":"publish","type":"post","link":"https:\/\/rdnews.al\/index.php\/2025\/10\/13\/reforma-territoriale-berisha-rama-kerkon-te-coje-ne-30-numrin-e-bashkive-ne-vend-dy-jane-kushtet-tona-per-pjesemarrje\/","title":{"rendered":"Reforma territoriale, Berisha: Rama k\u00ebrkon t\u00eb \u00e7oj\u00eb n\u00eb 30 numrin e bashkive n\u00eb vend! Dy jan\u00eb kushtet tona p\u00ebr pjes\u00ebmarrje!"},"content":{"rendered":"<p>Kryetari i PD, Sali Berisha, n\u00eb nj\u00eb deklarat\u00eb p\u00ebr mediat, ka reaguar ashp\u00ebr ndaj planit t\u00eb qeveris\u00eb p\u00ebr reform\u00ebn territoriale dhe at\u00eb zgjedhore, duke akuzuar kryeministrin Edi Rama se po synon t\u00eb p\u00ebrqendroj\u00eb edhe m\u00eb tej pushtetin n\u00eb duart e tij.<br \/>\nBerisha tha se, Rama k\u00ebrkon t\u00eb ul\u00eb numrin e bashkive n\u00eb vend n\u00eb vet\u00ebm 30, nj\u00eb veprim q\u00eb\u00a0do t\u00eb \u201cpjes\u00ebtonte fuqin\u00eb e vot\u00ebs s\u00eb qytetar\u00ebve\u201d dhe do t\u2019i largonte ata nga pushteti vendor.<br \/>\n\u201cE kemi theksuar k\u00ebtu, nuk mund t\u00eb ket\u00eb reform\u00eb zgjedhore pa pranin\u00eb e ODIHR. Do ftohet dhe do i d\u00ebrgohet ftes\u00eb ODIHR, pasi t\u00eb pranojn\u00eb ftes\u00ebn, duhet nj\u00eb ftes\u00eb nga t\u00eb gjitha pal\u00ebt, pozita dhe opozita dhe natyrisht me pranin\u00eb e ODIHR ne jemi t\u00eb gatsh\u00ebm t\u00eb shqyrtojm\u00eb nj\u00eb e nga nj\u00eb t\u00eb gjitha rekomandimet e misioneve t\u00eb v\u00ebzhgimit, t\u00eb cilat nga 2013 e gjer sot nuk jan\u00eb marr\u00eb parasysh.<br \/>\nP\u00ebr reform\u00ebn territoriale, ne kemi dor\u00ebzuar, n\u00eb parlament ekziston nj\u00eb projekt i PD-s\u00eb dhe opozit\u00ebs p\u00ebr reform\u00ebn territoriale i cili ndryshon si nata me dit\u00ebn me projektin q\u00eb ka nd\u00ebrmend Edi Rama.<br \/>\nEdi Rama ka nd\u00ebrmend faktikisht t\u00eb pjes\u00ebtoj\u00eb me disa her\u00eb fuqin\u00eb e vot\u00ebs s\u00eb qytetar\u00ebve shqiptar\u00eb. T\u00eb largoj\u00eb pushtetin prej tyre dhe ti katandis\u00eb nga 62, n\u00eb mos gaboj n\u00eb 28 apo 30 bashki dhe komuna.<br \/>\nNatyrisht reforma e par\u00eb e tij, ishte nj\u00eb katastrof\u00eb, nj\u00eb kaos. Mjafton t\u00eb kujtoj k\u00ebtu se, nj\u00eb qark me 120 mij\u00eb banor\u00eb, ka 7 nj\u00ebsi t\u00eb qeverisjes vendore, nj\u00eb qark me 1 mln banor\u00eb ka 4 nj\u00ebsi t\u00eb qeverisjes vendore. Kjo \u00ebsht\u00eb e v\u00ebrtet\u00eb p\u00ebr Tiran\u00ebn dhe Gjirokastr\u00ebn.<br \/>\nK\u00ebshtu q\u00eb p\u00ebr k\u00ebt\u00eb t\u00eb dyt\u00eb, nuk mund t\u00eb shprehem se edhe k\u00ebtu kemi nj\u00eb kusht t\u00eb panegociush\u00ebm, pranin\u00eb e p\u00ebrfaq\u00ebsuesve t\u00eb Kongresit t\u00eb Autoriteteve Lokale dhe Rajonale t\u00eb K\u00ebshillit t\u00eb Europ\u00ebs\u201d, tha Berisha.<\/p>\n","protected":false},"excerpt":{"rendered":"<p>Kryetari i PD, Sali Berisha, n\u00eb nj\u00eb deklarat\u00eb p\u00ebr mediat, ka reaguar ashp\u00ebr ndaj planit t\u00eb qeveris\u00eb p\u00ebr reform\u00ebn territoriale dhe at\u00eb zgjedhore, duke akuzuar kryeministrin Edi Rama se po synon t\u00eb p\u00ebrqendroj\u00eb edhe m\u00eb tej pushtetin n\u00eb duart e tij. Berisha tha se, Rama k\u00ebrkon t\u00eb ul\u00eb numrin e bashkive n\u00eb vend n\u00eb vet\u00ebm &hellip;<\/p>\n","protected":false},"author":4,"featured_media":125541,"comment_status":"closed","ping_status":"closed","sticky":false,"template":"","format":"standard","meta":{"footnotes":""},"categories":[37],"tags":[],"class_list":["post-125540","post","type-post","status-publish","format-standard","has-post-thumbnail","","category-politike"],"_links":{"self":[{"href":"https:\/\/rdnews.al\/index.php\/wp-json\/wp\/v2\/posts\/125540","targetHints":{"allow":["GET"]}}],"collection":[{"href":"https:\/\/rdnews.al\/index.php\/wp-json\/wp\/v2\/posts"}],"about":[{"href":"https:\/\/rdnews.al\/index.php\/wp-json\/wp\/v2\/types\/post"}],"author":[{"embeddable":true,"href":"https:\/\/rdnews.al\/index.php\/wp-json\/wp\/v2\/users\/4"}],"replies":[{"embeddable":true,"href":"https:\/\/rdnews.al\/index.php\/wp-json\/wp\/v2\/comments?post=125540"}],"version-history":[{"count":1,"href":"https:\/\/rdnews.al\/index.php\/wp-json\/wp\/v2\/posts\/125540\/revisions"}],"predecessor-version":[{"id":125542,"href":"https:\/\/rdnews.al\/index.php\/wp-json\/wp\/v2\/posts\/125540\/revisions\/125542"}],"wp:featuredmedia":[{"embeddable":true,"href":"https:\/\/rdnews.al\/index.php\/wp-json\/wp\/v2\/media\/125541"}],"wp:attachment":[{"href":"https:\/\/rdnews.al\/index.php\/wp-json\/wp\/v2\/media?parent=125540"}],"wp:term":[{"taxonomy":"category","embeddable":true,"href":"https:\/\/rdnews.al\/index.php\/wp-json\/wp\/v2\/categories?post=125540"},{"taxonomy":"post_tag","embeddable":true,"href":"https:\/\/rdnews.al\/index.php\/wp-json\/wp\/v2\/tags?post=125540"}],"curies":[{"name":"wp","href":"https:\/\/api.w.org\/{rel}","templated":true}]}}