{"id":125554,"date":"2025-10-13T16:11:02","date_gmt":"2025-10-13T16:11:02","guid":{"rendered":"https:\/\/rdnews.al\/?p=125554"},"modified":"2025-10-13T16:11:02","modified_gmt":"2025-10-13T16:11:02","slug":"e-denuar-ne-greqi-kreu-i-ild-nuk-kemi-nisur-asnje-hetim-per-gjyqtaren-irena-gjoka","status":"publish","type":"post","link":"https:\/\/rdnews.al\/index.php\/2025\/10\/13\/e-denuar-ne-greqi-kreu-i-ild-nuk-kemi-nisur-asnje-hetim-per-gjyqtaren-irena-gjoka\/","title":{"rendered":"E d\u00ebnuar n\u00eb Greqi\/ Kreu i ILD: Nuk kemi nisur asnj\u00eb hetim p\u00ebr gjyqtaren Irena Gjoka"},"content":{"rendered":"<p>Kreu i ILD, Artur Metani thot\u00eb se, ILD kurr\u00eb nuk ka pasur asnj\u00eb hetim p\u00ebr gjyqtaren e GJKKO, Irena Gjoka, e cila akuzohet nga opozita se \u00ebsht\u00eb d\u00ebnuar nga Greqia p\u00ebr falsifikim dokumentesh, por e ka fshehur d\u00ebnimin.<\/p>\n<p>Ishte an\u00ebtari i Komisionit t\u00eb Ligjeve, deputeti i PL-s\u00eb, Tedi Blushi, i cili e pyeti Metanin n\u00ebse ILD ka nisur procedim disiplinor, p\u00ebr gjyqtaren Irena Gjoka p\u00ebr fshehjen e d\u00ebnimit n\u00eb shtetin fqinj t\u00eb Greqis\u00eb.<\/p>\n<p>\u201cIrena Gjoka nuk ka qen\u00eb asnj\u00ebher\u00eb n\u00eb inspektim nga ILD. Nuk e kam th\u00ebn\u00eb kurr\u00eb k\u00ebt\u00eb. I mbaroj t\u00eb gjitha hetimet n\u00eb afat. Nuk kemi nisur asnj\u00eb hetim p\u00ebr t\u00eb. N\u00eb koordinim me institucione t\u00eb tjera, q\u00eb lidhen me dekriminalizimit, jemi n\u00eb pritje t\u00eb fakteve p\u00ebr ndonj\u00eb shkelje eventuale\u201d-tha Metani.<\/p>\n<p>Nd\u00ebrsa pyetjes n\u00ebse ka ankesa p\u00ebr prokuror\u00ebt e SPAK dhe gjyqtar\u00ebt e GJKKO, Metani tha se nuk jep emra.\u00a0\u201cNuk jap emra. Ruajm\u00eb imazhin e gjyqtar\u00ebve dhe prokuror\u00ebve\u201d,\u00a0u shpreh ai.<\/p>\n","protected":false},"excerpt":{"rendered":"<p>Kreu i ILD, Artur Metani thot\u00eb se, ILD kurr\u00eb nuk ka pasur asnj\u00eb hetim p\u00ebr gjyqtaren e GJKKO, Irena Gjoka, e cila akuzohet nga opozita se \u00ebsht\u00eb d\u00ebnuar nga Greqia p\u00ebr falsifikim dokumentesh, por e ka fshehur d\u00ebnimin. Ishte an\u00ebtari i Komisionit t\u00eb Ligjeve, deputeti i PL-s\u00eb, Tedi Blushi, i cili e pyeti Metanin n\u00ebse &hellip;<\/p>\n","protected":false},"author":4,"featured_media":125555,"comment_status":"closed","ping_status":"closed","sticky":false,"template":"","format":"standard","meta":{"footnotes":""},"categories":[37],"tags":[],"class_list":["post-125554","post","type-post","status-publish","format-standard","has-post-thumbnail","","category-politike"],"_links":{"self":[{"href":"https:\/\/rdnews.al\/index.php\/wp-json\/wp\/v2\/posts\/125554","targetHints":{"allow":["GET"]}}],"collection":[{"href":"https:\/\/rdnews.al\/index.php\/wp-json\/wp\/v2\/posts"}],"about":[{"href":"https:\/\/rdnews.al\/index.php\/wp-json\/wp\/v2\/types\/post"}],"author":[{"embeddable":true,"href":"https:\/\/rdnews.al\/index.php\/wp-json\/wp\/v2\/users\/4"}],"replies":[{"embeddable":true,"href":"https:\/\/rdnews.al\/index.php\/wp-json\/wp\/v2\/comments?post=125554"}],"version-history":[{"count":1,"href":"https:\/\/rdnews.al\/index.php\/wp-json\/wp\/v2\/posts\/125554\/revisions"}],"predecessor-version":[{"id":125556,"href":"https:\/\/rdnews.al\/index.php\/wp-json\/wp\/v2\/posts\/125554\/revisions\/125556"}],"wp:featuredmedia":[{"embeddable":true,"href":"https:\/\/rdnews.al\/index.php\/wp-json\/wp\/v2\/media\/125555"}],"wp:attachment":[{"href":"https:\/\/rdnews.al\/index.php\/wp-json\/wp\/v2\/media?parent=125554"}],"wp:term":[{"taxonomy":"category","embeddable":true,"href":"https:\/\/rdnews.al\/index.php\/wp-json\/wp\/v2\/categories?post=125554"},{"taxonomy":"post_tag","embeddable":true,"href":"https:\/\/rdnews.al\/index.php\/wp-json\/wp\/v2\/tags?post=125554"}],"curies":[{"name":"wp","href":"https:\/\/api.w.org\/{rel}","templated":true}]}}