{"id":12569,"date":"2022-05-17T11:26:51","date_gmt":"2022-05-17T11:26:51","guid":{"rendered":"https:\/\/rdnews.al\/?p=12569"},"modified":"2022-05-17T11:28:00","modified_gmt":"2022-05-17T11:28:00","slug":"presidenti-salianji-ky-proces-farse-ka-terhequr-pakicen-e-opozites-e-cila-po-behet-pjese","status":"publish","type":"post","link":"https:\/\/rdnews.al\/index.php\/2022\/05\/17\/presidenti-salianji-ky-proces-farse-ka-terhequr-pakicen-e-opozites-e-cila-po-behet-pjese\/","title":{"rendered":"\u201cPresidenti&#8221;\/ Salianji: Ky proces fars\u00eb ka t\u00ebrhequr pakic\u00ebn e opozit\u00ebs e cila po b\u00ebhet pjes\u00eb"},"content":{"rendered":"<p>Pas diskutimeve n\u00eb Kuvend p\u00ebr raundin e dyt\u00eb p\u00ebr zgjedhjen e presidentit, ka reaguar edhe deputeti i PD, Ervin Salianji. Salianji shkruan se, ky proces fars\u00eb, ka t\u00ebrhequr pakic\u00ebn e opozit\u00ebs e cila po b\u00ebhet pjes\u00eb.<\/p>\n<p><strong>Reagimi i Ervin Salianjit<\/strong><\/p>\n<p>Pjes\u00ebmarrja pa busull n\u00eb fars\u00ebn e Ram\u00ebs p\u00ebr president \u00e7do dit\u00eb e m\u00eb shum\u00eb po nxjerr n\u00eb pah d\u00ebmet e m\u00ebdha q\u00eb po i shkaktohen opozit\u00ebs dhe padiskutim demokracis\u00eb n\u00eb vend!<\/p>\n<p>Si\u00e7 dhe i interesonte Ram\u00ebs, ky proces e mban fokusin e opinionit tek telenovela e presidentit, zhvendos fokusin nga rritja stratosferike e \u00e7mimeve, abuzimet e p\u00ebrditshme t\u00eb qeveris\u00eb, rritja e taksave, gjobat ndaj biznesit, goditjet ndaj bujq\u00ebsis\u00eb, monopolet oligarkike! Tema q\u00eb nuk po diskutohen n\u00eb publik sepse kurthit t\u00eb Ram\u00ebs i ran\u00eb pas me nxitim dhe pa shumic\u00ebn e grupit parlamentar t\u00eb PDSH.<\/p>\n<p>Ky proces zbardhi dhe m\u00eb shum\u00eb at\u00eb q\u00eb dihej, autokrati nuk l\u00ebshon asgj\u00eb, do vet\u00ebm p\u00ebr garnitur\u00eb opozit\u00ebn duke b\u00ebr\u00eb sikur b\u00ebn l\u00ebshime t\u00eb m\u00ebdha t\u00eb tipit e shtyjm\u00eb nga 5 dit\u00eb n\u00eb 7 dat\u00ebn e raundit.<\/p>\n<p>P\u00ebr fat t\u00eb keq Rama me loj\u00ebn e tij t\u00ebrhoqi nj\u00eb pjes\u00eb t\u00eb opozit\u00ebs q\u00eb megjith\u00ebse pakic\u00eb, p\u00ebr protagonizma d\u00ebmtoi r\u00ebnd\u00eb opozit\u00ebn duke krijuar iden\u00eb e frangmentarizimit t\u00eb m\u00ebtejsh\u00ebm t\u00eb saj dhe duke mos b\u00ebr\u00eb asnj\u00eb p\u00ebrpjekje p\u00ebr at\u00eb q\u00eb PDSH e ka emergjence, \u00e7do p\u00ebrpjekje dhe\u00a0 tentativa t\u00eb pafundme p\u00ebr tu bashkuar!<\/p>\n<p>Ky \u00ebsht\u00eb nj\u00eb rast ku gjith\u00eb opozita duhet t\u00eb ulet n\u00eb nj\u00eb tryez\u00eb diskutimi!<\/p>\n<p>E meq\u00eb ra fjala dy komisioneve t\u00eb posa\u00e7me p\u00ebr reform\u00ebn territorriale dhe reform\u00ebn zgjedhore po ju vjen fundi i afatit dhe ende nuk dim\u00eb gj\u0113 pse opozita nuk po d\u00ebrgon emrat?<\/p>\n","protected":false},"excerpt":{"rendered":"<p>Pas diskutimeve n\u00eb Kuvend p\u00ebr raundin e dyt\u00eb p\u00ebr zgjedhjen e presidentit, ka reaguar edhe deputeti i PD, Ervin Salianji. Salianji shkruan se, ky proces fars\u00eb, ka t\u00ebrhequr pakic\u00ebn e opozit\u00ebs e cila po b\u00ebhet pjes\u00eb. Reagimi i Ervin Salianjit Pjes\u00ebmarrja pa busull n\u00eb fars\u00ebn e Ram\u00ebs p\u00ebr president \u00e7do dit\u00eb e m\u00eb shum\u00eb po &hellip;<\/p>\n","protected":false},"author":4,"featured_media":6723,"comment_status":"open","ping_status":"open","sticky":false,"template":"","format":"standard","meta":{"footnotes":""},"categories":[37],"tags":[],"class_list":["post-12569","post","type-post","status-publish","format-standard","has-post-thumbnail","","category-politike"],"_links":{"self":[{"href":"https:\/\/rdnews.al\/index.php\/wp-json\/wp\/v2\/posts\/12569","targetHints":{"allow":["GET"]}}],"collection":[{"href":"https:\/\/rdnews.al\/index.php\/wp-json\/wp\/v2\/posts"}],"about":[{"href":"https:\/\/rdnews.al\/index.php\/wp-json\/wp\/v2\/types\/post"}],"author":[{"embeddable":true,"href":"https:\/\/rdnews.al\/index.php\/wp-json\/wp\/v2\/users\/4"}],"replies":[{"embeddable":true,"href":"https:\/\/rdnews.al\/index.php\/wp-json\/wp\/v2\/comments?post=12569"}],"version-history":[{"count":0,"href":"https:\/\/rdnews.al\/index.php\/wp-json\/wp\/v2\/posts\/12569\/revisions"}],"wp:featuredmedia":[{"embeddable":true,"href":"https:\/\/rdnews.al\/index.php\/wp-json\/wp\/v2\/media\/6723"}],"wp:attachment":[{"href":"https:\/\/rdnews.al\/index.php\/wp-json\/wp\/v2\/media?parent=12569"}],"wp:term":[{"taxonomy":"category","embeddable":true,"href":"https:\/\/rdnews.al\/index.php\/wp-json\/wp\/v2\/categories?post=12569"},{"taxonomy":"post_tag","embeddable":true,"href":"https:\/\/rdnews.al\/index.php\/wp-json\/wp\/v2\/tags?post=12569"}],"curies":[{"name":"wp","href":"https:\/\/api.w.org\/{rel}","templated":true}]}}