{"id":125888,"date":"2025-10-16T17:36:17","date_gmt":"2025-10-16T17:36:17","guid":{"rendered":"https:\/\/rdnews.al\/?p=125888"},"modified":"2025-10-16T17:36:35","modified_gmt":"2025-10-16T17:36:35","slug":"kushtetuesja-i-nenshtrohet-skenarit-begaj-sadushi-nderpret-mandatet-e-sonila-bejtes-dhe-elsa-toskes","status":"publish","type":"post","link":"https:\/\/rdnews.al\/index.php\/2025\/10\/16\/kushtetuesja-i-nenshtrohet-skenarit-begaj-sadushi-nderpret-mandatet-e-sonila-bejtes-dhe-elsa-toskes\/","title":{"rendered":"Kushtetuesja i n\u00ebnshtrohet skenarit Begaj-Sadushi, nd\u00ebrpret mandatet e Sonila Bejtes dhe Elsa Tosk\u00ebs&#8230;"},"content":{"rendered":"<p>Vendimi i sot\u00ebm i Gjykat\u00ebs bazohet n\u00eb ligj t\u00eb skaduar dhe erdhi pas k\u00ebrkes\u00ebs s\u00eb Presidentit Bajram Begaj.<\/p>\n<p>Gjyqtarja kushtetuese, Elsa Toska, u em\u00ebrua n\u00eb detyr\u00eb n\u00eb vitin 2019. Kolegia e saj, Sonila Bejtja, u dekretua n\u00eb vitin 2020. Por, Gjykata Kushtetuese, me nj\u00eb vendim shum\u00eb t\u00eb diskutuesh\u00ebm, ka vendosur pasditen e sotme q\u00eb t\u00eb konsiderojn\u00eb fillimin e mandatit t\u00eb tyre 9-vje\u00e7ar n\u00eb vitin 2016, kur jan\u00eb larguar nga detyra paraardh\u00ebsit e tyre.<\/p>\n<p>Me k\u00ebt\u00eb argumentim t\u00eb habitsh\u00ebm, shumica e Gjykat\u00ebs Kushtetuese ka vendosur se mandatet e dy gjyqtareve p\u00ebrfundojn\u00eb n\u00eb vitin 2025.<\/p>\n<p>Gjykata Kushtetuese, duke qen\u00eb e bindur se llogarit\u00eb e viteve nuk i dilnin, i ka konsideruar mandatet e Sonila Bejtja dhe Elsa Tosk\u00ebs si t\u00eb p\u00ebrfshir\u00eb n\u00eb skem\u00ebn e \u201cp\u00ebrt\u00ebritjes 3-vje\u00e7are\u201d, nj\u00eb mekaniz\u00ebm q\u00eb ka humbur fuqin\u00eb ligjore q\u00eb n\u00eb vitin 2022.<\/p>\n<p>Nd\u00ebrkoh\u00eb, me nj\u00eb interpretim gjithashtu t\u00eb diskutuesh\u00ebm, Gjykata Kushtetuese ka redaktuar edhe mandatet e tre mandateve t\u00eb tjera. Sipas vendimit t\u00eb Kushtetuese, gjyqtaret Fjona Papajorgji ikin n\u00eb vitin 2027, duke iu shkurtuar mandati me nga nj\u00eb vit, nd\u00ebrsa Ilir Toska ik\u00ebn n\u00eb vitin 2028, duke iu zvog\u00ebluar q\u00ebndrimi n\u00eb detyr\u00eb me 2 vjet.<\/p>\n<p>Ligji organik i Gjykat\u00ebs Kushtetuese thot\u00eb se, maksimalisht deri n\u00eb vitin 2022, tre gjyqtar\u00eb, nj\u00ebri i zgjedhur nga Presidenti, nj\u00ebri nga Parlamenti dhe nj\u00ebri nga Gjykata e Lart\u00eb, do t\u00eb p\u00ebrfshihen n\u00eb sistemin e rotacionit 3-vje\u00e7ar, pra, do t\u00eb largoheshin para kohe nga detyra.<\/p>\n<p>Ky nen tashm\u00eb ka humbur efektet ligjore, pasi kan\u00eb kaluar 3 vite nga p\u00ebrfundimi i zbatimit t\u00eb tij. Por, shumica e gjyqtar\u00ebve t\u00eb Gjykat\u00ebs Kushtetuese ka vendosur ta rikthej\u00eb n\u00eb jet\u00eb k\u00ebt\u00eb nen t\u00eb skaduar, duke e konsideruar, n\u00eb m\u00ebnyr\u00eb arbitrare, se ai mund t\u00eb zbatohet edhe n\u00eb vitin 2025.<\/p>\n<p>Gjykata Kushtetuese u investua p\u00ebr k\u00ebt\u00eb \u00e7\u00ebshtje nga nj\u00eb k\u00ebrkes\u00eb e Presidentit t\u00eb Republik\u00ebs, Bajram Begaj, i cili k\u00ebrkonte sqarime p\u00ebr koh\u00ebzgjatjen e mandateve t\u00eb an\u00ebtar\u00ebve t\u00eb asaj gjykate.<\/p>\n<p>K\u00ebrkesa e Begaj ishte vijim i nj\u00eb skenari t\u00eb nisur m\u00eb her\u00ebt nga kryetari i Gjykat\u00ebs s\u00eb Lart\u00eb, Sokol Sadushi. Ky i fundit udh\u00ebhoqi nism\u00ebn p\u00ebr nd\u00ebrprerjen e parakohshme t\u00eb mandatit t\u00eb gjyqtares Holta Za\u00e7aj dhe q\u00eb ka l\u00ebn\u00eb shum\u00eb gjurm\u00eb edhe si nxit\u00ebs i presidentit Begaj p\u00ebr t\u00eb rr\u00ebmbyer edhe dy mandate t\u00eb tjera, ato t\u00eb Sonila Bejtjas dhe Elsa Tosk\u00ebs.<\/p>\n<p>Dy gjyqtaret e kan\u00eb ditur q\u00eb n\u00eb momentin e aplikimit se po konkuronin p\u00ebr nj\u00eb mandat t\u00eb plot\u00eb. Gjykata Kushtetuese ka theksuar m\u00eb her\u00ebt se dijenia e gjyqtarit p\u00ebr afatin e mandatit \u00ebsht\u00eb garanci p\u00ebr pavar\u00ebsin\u00eb e tij.<\/p>\n<p>Por, ky standard i vendosur n\u00eb vitin 2011 dhe q\u00eb i ka rezituar koh\u00ebs, u hodh posht\u00eb nga shumica e gjyqtar\u00ebve aktual\u00eb t\u00eb Gjykat\u00ebs Kushtetuese.<\/p>\n","protected":false},"excerpt":{"rendered":"<p>Vendimi i sot\u00ebm i Gjykat\u00ebs bazohet n\u00eb ligj t\u00eb skaduar dhe erdhi pas k\u00ebrkes\u00ebs s\u00eb Presidentit Bajram Begaj. Gjyqtarja kushtetuese, Elsa Toska, u em\u00ebrua n\u00eb detyr\u00eb n\u00eb vitin 2019. Kolegia e saj, Sonila Bejtja, u dekretua n\u00eb vitin 2020. Por, Gjykata Kushtetuese, me nj\u00eb vendim shum\u00eb t\u00eb diskutuesh\u00ebm, ka vendosur pasditen e sotme q\u00eb t\u00eb &hellip;<\/p>\n","protected":false},"author":4,"featured_media":125889,"comment_status":"closed","ping_status":"closed","sticky":false,"template":"","format":"standard","meta":{"footnotes":""},"categories":[37],"tags":[],"class_list":["post-125888","post","type-post","status-publish","format-standard","has-post-thumbnail","","category-politike"],"_links":{"self":[{"href":"https:\/\/rdnews.al\/index.php\/wp-json\/wp\/v2\/posts\/125888","targetHints":{"allow":["GET"]}}],"collection":[{"href":"https:\/\/rdnews.al\/index.php\/wp-json\/wp\/v2\/posts"}],"about":[{"href":"https:\/\/rdnews.al\/index.php\/wp-json\/wp\/v2\/types\/post"}],"author":[{"embeddable":true,"href":"https:\/\/rdnews.al\/index.php\/wp-json\/wp\/v2\/users\/4"}],"replies":[{"embeddable":true,"href":"https:\/\/rdnews.al\/index.php\/wp-json\/wp\/v2\/comments?post=125888"}],"version-history":[{"count":2,"href":"https:\/\/rdnews.al\/index.php\/wp-json\/wp\/v2\/posts\/125888\/revisions"}],"predecessor-version":[{"id":125891,"href":"https:\/\/rdnews.al\/index.php\/wp-json\/wp\/v2\/posts\/125888\/revisions\/125891"}],"wp:featuredmedia":[{"embeddable":true,"href":"https:\/\/rdnews.al\/index.php\/wp-json\/wp\/v2\/media\/125889"}],"wp:attachment":[{"href":"https:\/\/rdnews.al\/index.php\/wp-json\/wp\/v2\/media?parent=125888"}],"wp:term":[{"taxonomy":"category","embeddable":true,"href":"https:\/\/rdnews.al\/index.php\/wp-json\/wp\/v2\/categories?post=125888"},{"taxonomy":"post_tag","embeddable":true,"href":"https:\/\/rdnews.al\/index.php\/wp-json\/wp\/v2\/tags?post=125888"}],"curies":[{"name":"wp","href":"https:\/\/api.w.org\/{rel}","templated":true}]}}