{"id":125892,"date":"2025-10-16T18:18:43","date_gmt":"2025-10-16T18:18:43","guid":{"rendered":"https:\/\/rdnews.al\/?p=125892"},"modified":"2025-10-16T18:19:04","modified_gmt":"2025-10-16T18:19:04","slug":"jo-me-beton-korrupsion-e-patronazhista-binaj-thirrje-qytetareve-te-behemi-bashke-per-ndryshim","status":"publish","type":"post","link":"https:\/\/rdnews.al\/index.php\/2025\/10\/16\/jo-me-beton-korrupsion-e-patronazhista-binaj-thirrje-qytetareve-te-behemi-bashke-per-ndryshim\/","title":{"rendered":"&#8220;Jo m\u00eb beton, korrupsion dhe patronazhista&#8221;! Binaj thirrje qytetar\u00ebve: T\u00eb b\u00ebhemi bashk\u00eb p\u00ebr ndryshim"},"content":{"rendered":"<p>Kandidati i pavarur p\u00ebr kryetar bashkie n\u00eb Tiran\u00eb, Florjan Binaj u ka b\u00ebr\u00eb thirrje qytetar\u00ebve q\u00eb t\u00eb b\u00ebhen bashk\u00eb p\u00ebr ndryshimin e Kryeqytetit.<\/p>\n<p>Me an\u00eb t\u00eb nj\u00eb videoje t\u00eb shp\u00ebrndar\u00eb n\u00eb rrjetet sociale, Binaj shprehet se Tirana nuk \u00ebsht\u00eb vet\u00ebm qyteti ku ne jetojm\u00eb, por edhe sht\u00ebpija q\u00eb do u lejm\u00eb f\u00ebmij\u00ebve.<\/p>\n<p>Binaj shprehet gjithashtu se jan\u00eb dy rrug\u00eb ose qytetar\u00ebt t\u00eb zgjedhin korrupsionin, betoni dhe administrat\u00eb me patronazhist\u00eb ose t\u00eb zgjedhim ndryshimin, nj\u00eb bashki me njer\u00ebz t\u00eb nder\u00ebshm.<\/p>\n<p><em>\u201cMund\u00ebsia p\u00ebr t\u2019iu sh\u00ebrbyer juve \u00ebsht\u00eb nderi m\u00eb i madh i jet\u00ebs sime. Tirana nuk \u00ebsht\u00eb qyteti ku do jetojm\u00eb, por \u00ebsht\u00eb sht\u00ebpia q\u00eb do ju l\u00ebm\u00eb f\u00ebmij\u00ebve tan\u00eb. Ndaj kur t\u00eb votojm\u00eb, t\u00eb mendojm\u00eb p\u00ebr ta. Kemi dy rrug\u00eb p\u00ebrball\u00eb: T\u00eb vazhdojm\u00eb me korrupsionin, betonin dhe administrat\u00ebn me patronazhist\u00eb, ose t\u00eb zgjedhim ndryshimin. Nj\u00eb bashki me njer\u00ebz t\u00eb ndersh\u00ebm dhe profesionist\u00eb q\u00eb u sh\u00ebrbejn\u00eb qytetar\u00ebve. Ju ftoj t\u00eb b\u00ebheni bashk\u00eb p\u00ebr ndryshimin. M\u00eb shkruani p\u00ebr shqet\u00ebsimet, mendimet, edhe historit\u00eb tuaja. S\u00eb bashku, mund ta ndryshojm\u00eb Tiran\u00ebn!\u201d<\/em>\u00a0\u2013 shprehet Florjan Binaj.<\/p>\n<p><iframe loading=\"lazy\" src=\"https:\/\/www.facebook.com\/plugins\/video.php?height=314&amp;href=https%3A%2F%2Fwww.facebook.com%2Freel%2F800326189278104%2F&amp;show_text=false&amp;width=560&amp;t=0\" width=\"560\" height=\"314\" frameborder=\"0\" scrolling=\"no\" allowfullscreen=\"allowfullscreen\" data-mce-fragment=\"1\"><\/iframe><\/p>\n","protected":false},"excerpt":{"rendered":"<p>Kandidati i pavarur p\u00ebr kryetar bashkie n\u00eb Tiran\u00eb, Florjan Binaj u ka b\u00ebr\u00eb thirrje qytetar\u00ebve q\u00eb t\u00eb b\u00ebhen bashk\u00eb p\u00ebr ndryshimin e Kryeqytetit. Me an\u00eb t\u00eb nj\u00eb videoje t\u00eb shp\u00ebrndar\u00eb n\u00eb rrjetet sociale, Binaj shprehet se Tirana nuk \u00ebsht\u00eb vet\u00ebm qyteti ku ne jetojm\u00eb, por edhe sht\u00ebpija q\u00eb do u lejm\u00eb f\u00ebmij\u00ebve. Binaj shprehet gjithashtu &hellip;<\/p>\n","protected":false},"author":4,"featured_media":125893,"comment_status":"closed","ping_status":"closed","sticky":false,"template":"","format":"standard","meta":{"footnotes":""},"categories":[37],"tags":[],"class_list":["post-125892","post","type-post","status-publish","format-standard","has-post-thumbnail","","category-politike"],"_links":{"self":[{"href":"https:\/\/rdnews.al\/index.php\/wp-json\/wp\/v2\/posts\/125892","targetHints":{"allow":["GET"]}}],"collection":[{"href":"https:\/\/rdnews.al\/index.php\/wp-json\/wp\/v2\/posts"}],"about":[{"href":"https:\/\/rdnews.al\/index.php\/wp-json\/wp\/v2\/types\/post"}],"author":[{"embeddable":true,"href":"https:\/\/rdnews.al\/index.php\/wp-json\/wp\/v2\/users\/4"}],"replies":[{"embeddable":true,"href":"https:\/\/rdnews.al\/index.php\/wp-json\/wp\/v2\/comments?post=125892"}],"version-history":[{"count":2,"href":"https:\/\/rdnews.al\/index.php\/wp-json\/wp\/v2\/posts\/125892\/revisions"}],"predecessor-version":[{"id":125895,"href":"https:\/\/rdnews.al\/index.php\/wp-json\/wp\/v2\/posts\/125892\/revisions\/125895"}],"wp:featuredmedia":[{"embeddable":true,"href":"https:\/\/rdnews.al\/index.php\/wp-json\/wp\/v2\/media\/125893"}],"wp:attachment":[{"href":"https:\/\/rdnews.al\/index.php\/wp-json\/wp\/v2\/media?parent=125892"}],"wp:term":[{"taxonomy":"category","embeddable":true,"href":"https:\/\/rdnews.al\/index.php\/wp-json\/wp\/v2\/categories?post=125892"},{"taxonomy":"post_tag","embeddable":true,"href":"https:\/\/rdnews.al\/index.php\/wp-json\/wp\/v2\/tags?post=125892"}],"curies":[{"name":"wp","href":"https:\/\/api.w.org\/{rel}","templated":true}]}}